{"id":53454,"date":"2019-05-15T23:02:32","date_gmt":"2019-05-15T23:02:32","guid":{"rendered":"https:\/\/colimdo.org\/?p=53454"},"modified":"2019-05-15T23:02:32","modified_gmt":"2019-05-15T23:02:32","slug":"presentan-carrera-10k-beneficio-olimpiadas-especiales","status":"publish","type":"post","link":"https:\/\/colimdo.org\/noticias\/presentan-carrera-10k-beneficio-olimpiadas-especiales\/","title":{"rendered":"Presentan carrera 10k a beneficio de Olimpiadas Especiales"},"content":{"rendered":"<p>SANTO DOMINGO.\u00a0En un coctel realizado en la Terraza de \u00c1gora Mall, fue presentada la s\u00e9ptima edici\u00f3n de la carrera Impulso Santo Domingo Corre 10K,\u00a0la cual este a\u00f1o se realiza a beneficio de la fundaci\u00f3n Olimpiadas Especiales.<\/p>\n<p>El encuentro estuvo presidido por los directivos de Santo Domingo Corre, se\u00f1ores Modesto Reyes, presidente; Samuel Nu\u00f1ez, vicepresidente; Marlenny Pe\u00f1a, directora general y Karla Mart\u00edn, directora de Medios Digitales; acompa\u00f1ados de Hu\u00e1scar Beltr\u00e9 y Mar\u00eda Alejandra Antu\u00f1ano, ejecutivos de Nestl\u00e9 Dominicana, y de Rosario de Frigati, vicepresidenta de la Fundaci\u00f3n Olimpiadas Especiales.<\/p>\n<p>Marlenny Pe\u00f1a, expres\u00f3 que Impulso Santo Domingo Corre 10K tendr\u00e1 lugar el domingo siete de julio a partir de las siete de la ma\u00f1ana, en la avenida Jim\u00e9nez de Moya (Centro de los H\u00e9roes), tomando el Malec\u00f3n direcci\u00f3n Obelisco y regresando nuevamente al Centro de los H\u00e9roes. Se\u00f1al\u00f3 que los corredores competir\u00e1n en las categor\u00edas Overall y por edades, recibiendo todos al llegar a la meta su medalla de participaci\u00f3n. Al inscribirse a trav\u00e9s de SDCTickets.do con un aporte de $RD1,100.00, recibir\u00e1n un kit con la camiseta oficial de la carrera, su n\u00famero de corredor, el chip que cronometrar\u00e1 su tiempo; as\u00ed como productos de los patrocinadores oficiales de la carrera.<\/p>\n<p>Destac\u00f3 que este a\u00f1o parte de los fondos obtenidos con el evento ser\u00e1n destinados a la fundaci\u00f3n Olimpiadas Especiales, instituci\u00f3n ben\u00e9fica queorganiza eventos deportivos con personas con discapacidad intelectual.\u00a0Agradeci\u00f3 el apoyo de la comunidad de corredores y patrocinadores, que con su participaci\u00f3n hacen posible la contribuci\u00f3n a entidades como Olimpiadas Especiales.<\/p>\n<p>Karla Mart\u00edn explic\u00f3 que el concepto de la campa\u00f1a #MiMayorImpulso surge porque todos los corredores tienen alguien que los motiva e impulsa a correr, por lo que invita a los participantes a descubrir qui\u00e9n o qui\u00e9nes son esas personas que siempre est\u00e1n apoy\u00e1ndolos de manera incondicional.<\/p>\n","protected":false},"excerpt":{"rendered":"<p>Impulso Santo Domingo Corre 10K tendr\u00e1 lugar el domingo siete de julio a partir de las siete de la ma\u00f1ana, en la avenida Jim\u00e9nez de Moya (Centro de los H\u00e9roes), tomando el Malec\u00f3n direcci\u00f3n Obelisco y regresando nuevamente al Centro de los H\u00e9roes.<\/p>\n","protected":false},"author":16,"featured_media":53455,"comment_status":"closed","ping_status":"closed","sticky":false,"template":"","format":"standard","meta":[],"categories":[2,60],"tags":[],"acf":[],"_links":{"self":[{"href":"https:\/\/colimdo.org\/wp-api\/wp\/v2\/posts\/53454"}],"collection":[{"href":"https:\/\/colimdo.org\/wp-api\/wp\/v2\/posts"}],"about":[{"href":"https:\/\/colimdo.org\/wp-api\/wp\/v2\/types\/post"}],"author":[{"embeddable":true,"href":"https:\/\/colimdo.org\/wp-api\/wp\/v2\/users\/16"}],"replies":[{"embeddable":true,"href":"https:\/\/colimdo.org\/wp-api\/wp\/v2\/comments?post=53454"}],"version-history":[{"count":1,"href":"https:\/\/colimdo.org\/wp-api\/wp\/v2\/posts\/53454\/revisions"}],"predecessor-version":[{"id":53456,"href":"https:\/\/colimdo.org\/wp-api\/wp\/v2\/posts\/53454\/revisions\/53456"}],"wp:featuredmedia":[{"embeddable":true,"href":"https:\/\/colimdo.org\/wp-api\/wp\/v2\/media\/53455"}],"wp:attachment":[{"href":"https:\/\/colimdo.org\/wp-api\/wp\/v2\/media?parent=53454"}],"wp:term":[{"taxonomy":"category","embeddable":true,"href":"https:\/\/colimdo.org\/wp-api\/wp\/v2\/categories?post=53454"},{"taxonomy":"post_tag","embeddable":true,"href":"https:\/\/colimdo.org\/wp-api\/wp\/v2\/tags?post=53454"}],"curies":[{"name":"wp","href":"https:\/\/api.w.org\/{rel}","templated":true}]}}