{"id":53460,"date":"2019-05-15T23:13:18","date_gmt":"2019-05-15T23:13:18","guid":{"rendered":"https:\/\/colimdo.org\/?p=53460"},"modified":"2019-05-15T23:13:18","modified_gmt":"2019-05-15T23:13:18","slug":"federacion-atletismo-celebrara-torneo-escolar-regional-sur","status":"publish","type":"post","link":"https:\/\/colimdo.org\/noticias\/federacion-atletismo-celebrara-torneo-escolar-regional-sur\/","title":{"rendered":"Federaci\u00f3n de Atletismo celebrar\u00e1 el torneo escolar regional Sur"},"content":{"rendered":"<p class=\"x_MsoNormal\">SANTO DOMINGO. La Federaci\u00f3n Dominicana de Asociaciones de Atletismo celebrar\u00e1 el s\u00e1bado el Torneo Regional en Edad Escolar de la regi\u00f3n Sur.<\/p>\n<p class=\"x_MsoNormal\">Un total de 325 atletas de las 11 provincias sure\u00f1as buscar\u00e1n hacer las mejores marcas y conseguir la clasificaci\u00f3n para el Campeonato Nacional que tendr\u00e1 lugar en Santo Domingo, del 20 al 22 de junio pr\u00f3ximo.<\/p>\n<p class=\"x_MsoNormal\">Gerardo Suero Correa, presidente de la Federaci\u00f3n Dominicana de Atletismo, inform\u00f3 que el torneo regional de Barahona cuenta con el respaldo del Ministerio de Deportes y de los Dividendos Ol\u00edmpicos de la Federaci\u00f3n Internacional de Campo y Pista (IAFF).<\/p>\n<p class=\"x_MsoNormal\">Expres\u00f3 que los atletas en edades de 14-15 y 16-17 a\u00f1os competir\u00e1n en 100, 200, 400 y 800 metros planos, as\u00ed como en salto largo, lanzamiento de jabalina e impulso de la bala.<\/p>\n<p class=\"x_MsoNormal\">Dijo que los ganadores de oro, plata y bronce ser\u00e1n premiados con ropa de la marca Puma y bonos del Grupo Ramos.<\/p>\n<p class=\"x_MsoNormal\">\u201cSe trata de la \u00faltima de cinco torneos regionales escolares, de los que saldr\u00e1n los mejores 250 atletas que vendr\u00e1n al campeonato nacional de junio\u201d, indic\u00f3 Suero Correa.<\/p>\n<p class=\"x_MsoNormal\">Record\u00f3 que previamente fueron celebradas las versiones escolares correspondientes a las zonas Norte 1 y 2, Este y de la Zona Metropolitana.<\/p>\n<p class=\"x_MsoNormal\">Torneo superior<\/p>\n<p class=\"x_MsoNormal\">Suero Correa inform\u00f3 adem\u00e1s que el mismo s\u00e1bado se realizar\u00e1 en el estadio ol\u00edmpico del complejo deportivo de Barahona, el torneo nacional superior, que tambi\u00e9n ser\u00e1 clasificatorio para el Campeonato Nacional que tendr\u00e1 lugar en la capital dominicana, del 30 de este mes al 1 de junio.<\/p>\n<p class=\"x_MsoNormal\">\u201cEsperamos 200 atletas presentes en el torneo superior, quienes competir\u00e1n en todas las pruebas de velocidad, hasta 5 mil metros\u201d, indic\u00f3.<\/p>\n<p class=\"x_MsoNormal\">Alejandro Medina, presidente de la Asociaci\u00f3n de Atletismo de Barahona, ser\u00e1 el coordinador del evento, junto con Suero Correa y Ram\u00f3n Valdez, tesorero de la Federaci\u00f3n Dominicana de Atletismo. Belkis Ma\u00f1\u00f3n fungir\u00e1 como directora t\u00e9cnica de ambos eventos.<\/p>\n","protected":false},"excerpt":{"rendered":"<p>El torneo regional ser\u00e1 efectuado este s\u00e1bado en Barahona.<\/p>\n","protected":false},"author":16,"featured_media":53462,"comment_status":"closed","ping_status":"closed","sticky":false,"template":"","format":"standard","meta":[],"categories":[2,60],"tags":[],"acf":[],"_links":{"self":[{"href":"https:\/\/colimdo.org\/wp-api\/wp\/v2\/posts\/53460"}],"collection":[{"href":"https:\/\/colimdo.org\/wp-api\/wp\/v2\/posts"}],"about":[{"href":"https:\/\/colimdo.org\/wp-api\/wp\/v2\/types\/post"}],"author":[{"embeddable":true,"href":"https:\/\/colimdo.org\/wp-api\/wp\/v2\/users\/16"}],"replies":[{"embeddable":true,"href":"https:\/\/colimdo.org\/wp-api\/wp\/v2\/comments?post=53460"}],"version-history":[{"count":1,"href":"https:\/\/colimdo.org\/wp-api\/wp\/v2\/posts\/53460\/revisions"}],"predecessor-version":[{"id":53463,"href":"https:\/\/colimdo.org\/wp-api\/wp\/v2\/posts\/53460\/revisions\/53463"}],"wp:featuredmedia":[{"embeddable":true,"href":"https:\/\/colimdo.org\/wp-api\/wp\/v2\/media\/53462"}],"wp:attachment":[{"href":"https:\/\/colimdo.org\/wp-api\/wp\/v2\/media?parent=53460"}],"wp:term":[{"taxonomy":"category","embeddable":true,"href":"https:\/\/colimdo.org\/wp-api\/wp\/v2\/categories?post=53460"},{"taxonomy":"post_tag","embeddable":true,"href":"https:\/\/colimdo.org\/wp-api\/wp\/v2\/tags?post=53460"}],"curies":[{"name":"wp","href":"https:\/\/api.w.org\/{rel}","templated":true}]}}