{"id":53481,"date":"2019-05-16T03:15:20","date_gmt":"2019-05-16T03:15:20","guid":{"rendered":"https:\/\/colimdo.org\/?p=53481"},"modified":"2019-05-16T03:15:20","modified_gmt":"2019-05-16T03:15:20","slug":"presentan-nueva-temporada-la-serie-dominicana-drift","status":"publish","type":"post","link":"https:\/\/colimdo.org\/noticias\/presentan-nueva-temporada-la-serie-dominicana-drift\/","title":{"rendered":"Presentan nueva temporada de la Serie Dominicana de Drift"},"content":{"rendered":"<p>SANTO DOMINGO.- Este a\u00f1o se revive la batalla por controlar el descontrol de la\u00a0Serie Dominicana de Drift by Shell Helix, que llega a su onceava temporada organizada por el\u00a0Club Dominicano de Corredores de Drift (CDCD)\u00a0que, a\u00f1o tras a\u00f1o, renuevan su propuesta para el deleite de la fanaticada que se da cita en cada ronda durante el a\u00f1o.<\/p>\n<p>Las acciones comenzaran este domingo 19 de mayo con el\u00a0Round 1 FC EL Sol\u00a0a partir de las 12 del mediod\u00eda en el trazado del aut\u00f3dromo Petronan en donde las dos categor\u00edas,\u00a0PRO e INTER,\u00a0tendr\u00e1n sus mejores exponentes buscando dominar el asfalto caribe\u00f1o.<\/p>\n<p>Dentro de las novedades que muestra el CDCD para este 2019 es la presentaci\u00f3n del nuevo Gerente de Operaciones Gregory Marte, quien desde hace a\u00f1os est\u00e1 ligado al deporte del derrape y asumi\u00f3 las directrices de la instituci\u00f3n junto a Audrey Liriano\u00a0para llevar la log\u00edstica dentro del evento.<\/p>\n<p>Marte dej\u00f3 establecido el calendario con los Rounds y los Drift Days: 19 de mayo R1, 09 de junio DD, 14 de julio R2, 11 de agosto DD, 29 de Septiembre R3, 03 de Noviembre R3, 15 de Diciembre DD.<\/p>\n<p>Cindy Perdomo, gerente de Mercadeo de Sol Petroleum, en representaci\u00f3n de la marca de lubricantes\u00a0Shell Helix, destac\u00f3 el gran desempe\u00f1o que han tenido los organizadores al presentar eventos de calidad que han sido muy bien valorados por los entusiastas de la modalidad, tambi\u00e9n resalt\u00f3 el apoyo de la marca a la\u00a0Serie de Drift \u00a0por segundo a\u00f1o consecutivo,\u00a0donde la alianza ha sido de gran beneficio para ambas partes.<\/p>\n<p>La\u00a0actividad es avalada por la Federaci\u00f3n Dominicana de Automovilismo\u00a0(FDA).<\/p>\n<p>Desde el 2009 el CDCD ha tenido seis ganadores distintos en la categor\u00eda PRO con Jonathan Castro, quien regresa de nuevo a competir en su pa\u00eds, liderando la cosecha de t\u00edtulos con 4 (2009, 2010, 2011, 2014) Juanchy Almonte (2012,2016) Jos\u00e9 Sobrino (2013), Nathael Jim\u00e9nez (2015), V\u00edctor Madera (2017) y Yessi L\u00f3pez\u00a0\u00a0(2018).<\/p>\n","protected":false},"excerpt":{"rendered":"<p>Las acciones comenzaran este domingo 19 de mayo con el\u00a0Round 1 FC EL Sol\u00a0a partir de las 12 del mediod\u00eda en el trazado del aut\u00f3dromo Petronan en donde las dos categor\u00edas,\u00a0PRO e INTER,\u00a0tendr\u00e1n sus mejores exponentes buscando dominar el asfalto caribe\u00f1o.<\/p>\n","protected":false},"author":16,"featured_media":53482,"comment_status":"closed","ping_status":"closed","sticky":false,"template":"","format":"standard","meta":[],"categories":[2,60],"tags":[],"acf":[],"_links":{"self":[{"href":"https:\/\/colimdo.org\/wp-api\/wp\/v2\/posts\/53481"}],"collection":[{"href":"https:\/\/colimdo.org\/wp-api\/wp\/v2\/posts"}],"about":[{"href":"https:\/\/colimdo.org\/wp-api\/wp\/v2\/types\/post"}],"author":[{"embeddable":true,"href":"https:\/\/colimdo.org\/wp-api\/wp\/v2\/users\/16"}],"replies":[{"embeddable":true,"href":"https:\/\/colimdo.org\/wp-api\/wp\/v2\/comments?post=53481"}],"version-history":[{"count":1,"href":"https:\/\/colimdo.org\/wp-api\/wp\/v2\/posts\/53481\/revisions"}],"predecessor-version":[{"id":53483,"href":"https:\/\/colimdo.org\/wp-api\/wp\/v2\/posts\/53481\/revisions\/53483"}],"wp:featuredmedia":[{"embeddable":true,"href":"https:\/\/colimdo.org\/wp-api\/wp\/v2\/media\/53482"}],"wp:attachment":[{"href":"https:\/\/colimdo.org\/wp-api\/wp\/v2\/media?parent=53481"}],"wp:term":[{"taxonomy":"category","embeddable":true,"href":"https:\/\/colimdo.org\/wp-api\/wp\/v2\/categories?post=53481"},{"taxonomy":"post_tag","embeddable":true,"href":"https:\/\/colimdo.org\/wp-api\/wp\/v2\/tags?post=53481"}],"curies":[{"name":"wp","href":"https:\/\/api.w.org\/{rel}","templated":true}]}}