{"id":53496,"date":"2019-05-16T12:49:04","date_gmt":"2019-05-16T12:49:04","guid":{"rendered":"https:\/\/colimdo.org\/?p=53496"},"modified":"2019-05-16T12:49:32","modified_gmt":"2019-05-16T12:49:32","slug":"peru-celebraron-100-dias-los-juegos-parapanamericanos-lima-2019","status":"publish","type":"post","link":"https:\/\/colimdo.org\/noticias\/peru-celebraron-100-dias-los-juegos-parapanamericanos-lima-2019\/","title":{"rendered":"En Per\u00fa celebraron \u2018A 100 d\u00edas de los Juegos Parapanamericanos Lima 2019\u2019"},"content":{"rendered":"<p>En el marco de las celebraciones \u2018A 100 d\u00edas de los Juegos Parapanamericanos Lima 2019\u2019, el Presidente de la Rep\u00fablica, Mart\u00edn Vizcarra y el Consejo de Ministros, encabezado por el Premier Salvador del Solar, se sumaron a la cuenta regresiva para la fiesta multideportiva m\u00e1s grande del continente, que se realizar\u00e1 por primera vez en el Per\u00fa.<\/p>\n<p>En sesi\u00f3n del Consejo de Ministros, el Jefe de Estado y el Gabinete en pleno, lucieron la camiseta que identifica a los Juegos Lima 2019, en un d\u00eda especial, a solo 100 d\u00edas de la inauguraci\u00f3n de los Juegos Parapanamericanos, que se celebrar\u00e1 el 23 de agosto, en el Estadio Nacional.<\/p>\n<p>\u201cSolo faltan #100D\u00edas para alentar a nuestros atletas en los Juegos Parapanamericanos. En Palacio de Gobierno, recibimos la visita de Milco para compartir, junto a \u00e9l, la recta final rumbo a los Juegos Panamericanos #Lima2019. \u00a1#JugamosTodos!\u201d, fue el mensaje que publicaron en el twitter de la Presidencia de la Rep\u00fablica.<\/p>\n<p>Tal como se\u00f1ala el mensaje, Milco lleg\u00f3 a Palacio de Gobierno para saludar al Presidente Mart\u00edn Vizcarra y a los Ministros, llevando el mensaje de alegr\u00eda por las celebraciones del certamen en nuestro pa\u00eds.<\/p>\n<p><strong>ACERCA DE LOS JUEGOS PARAPANAMERICANOS<\/strong><\/p>\n<p>Los Juegos Parapanamericanos, albergar\u00e1n a 1,890 Para deportistas de 33 pa\u00edses, que participar\u00e1n en 17 Para deportes y 18 disciplinas. Las competencias se realizar\u00e1n entre el 23 de agosto y el 1 de setiembre de 2019. 13 Para deportes son clasificatorios a los Juegos Paral\u00edmpicos Tokio 2020.<\/p>\n","protected":false},"excerpt":{"rendered":"<p>En el marco de las celebraciones \u2018A 100 d\u00edas de los Juegos Parapanamericanos Lima 2019\u2019, el Presidente de la Rep\u00fablica, Mart\u00edn Vizcarra y el Consejo de Ministros, encabezado por el Premier Salvador del Solar, se sumaron a la cuenta regresiva para la fiesta multideportiva m\u00e1s grande del continente, que se realizar\u00e1 por primera vez en [&hellip;]<\/p>\n","protected":false},"author":9,"featured_media":53497,"comment_status":"closed","ping_status":"closed","sticky":false,"template":"","format":"standard","meta":[],"categories":[2,60],"tags":[],"acf":[],"_links":{"self":[{"href":"https:\/\/colimdo.org\/wp-api\/wp\/v2\/posts\/53496"}],"collection":[{"href":"https:\/\/colimdo.org\/wp-api\/wp\/v2\/posts"}],"about":[{"href":"https:\/\/colimdo.org\/wp-api\/wp\/v2\/types\/post"}],"author":[{"embeddable":true,"href":"https:\/\/colimdo.org\/wp-api\/wp\/v2\/users\/9"}],"replies":[{"embeddable":true,"href":"https:\/\/colimdo.org\/wp-api\/wp\/v2\/comments?post=53496"}],"version-history":[{"count":1,"href":"https:\/\/colimdo.org\/wp-api\/wp\/v2\/posts\/53496\/revisions"}],"predecessor-version":[{"id":53498,"href":"https:\/\/colimdo.org\/wp-api\/wp\/v2\/posts\/53496\/revisions\/53498"}],"wp:featuredmedia":[{"embeddable":true,"href":"https:\/\/colimdo.org\/wp-api\/wp\/v2\/media\/53497"}],"wp:attachment":[{"href":"https:\/\/colimdo.org\/wp-api\/wp\/v2\/media?parent=53496"}],"wp:term":[{"taxonomy":"category","embeddable":true,"href":"https:\/\/colimdo.org\/wp-api\/wp\/v2\/categories?post=53496"},{"taxonomy":"post_tag","embeddable":true,"href":"https:\/\/colimdo.org\/wp-api\/wp\/v2\/tags?post=53496"}],"curies":[{"name":"wp","href":"https:\/\/api.w.org\/{rel}","templated":true}]}}