{"id":53502,"date":"2019-05-16T13:05:37","date_gmt":"2019-05-16T13:05:37","guid":{"rendered":"https:\/\/colimdo.org\/?p=53502"},"modified":"2019-05-16T13:14:35","modified_gmt":"2019-05-16T13:14:35","slug":"voleibol-femenino-rd-va-podio-los-panamericanos","status":"publish","type":"post","link":"https:\/\/colimdo.org\/noticias\/voleibol-femenino-rd-va-podio-los-panamericanos\/","title":{"rendered":"Voleibol femenino RD va por otro podio a los Panamericanos"},"content":{"rendered":"<p><strong>SANTO DOMINGO.-<\/strong> En los Juegos Panamericanos 2015, el voleibol femenino de la Rep\u00fablica Dominicana alcanz\u00f3 medalla de bronce. Para Lima 2019, la meta es mantenerse en el podio.<\/p>\n<p>\u201cNosotros vamos a buscar una medalla\u201d, dijo el t\u00e9cnico del conjunto tricolor Marcos Kwiek al peri\u00f3dico Diario Libre.<\/p>\n<p>Al cuestionarle el matutino sobre el color de la presea, Kwiek respondi\u00f3 que: \u201cdepende de c\u00f3mo juguemos el torneo. Pero yo entiendo que ahora mismo estamos al nivel de buscar una medalla en los Juegos Panamericanos\u201d.<\/p>\n<p>El voleibol femenino dominicano va rumbo a Brasil, donde completar\u00e1n sus entrenamientos para su participaci\u00f3n en la Liga de Naciones 2019.<\/p>\n<p>El equipo nacional que ir\u00e1 a los Juegos Panamericanos de Per\u00fa se sabr\u00e1 tras el torneo Preol\u00edmpico que se jugar\u00e1 en Brasil entre el 2 y el 4 de agosto.<\/p>\n<p>\u201cEl (equipo) del Preol\u00edmpico es el que va a los Panamericanos\u201d, manifest\u00f3 Kwiek.<\/p>\n<p>Precisamente el equipo preol\u00edmpico dominicano sera definido tras la Copa Panamericana, que se disputar\u00e1 del 5 al 14 de julio.<\/p>\n<p>\u201cVamos a tener otros torneos por delante para poder definir las 12 mejores jugadoras para representar el pa\u00eds. Pero depende de c\u00f3mo va a estar el torneo\u201d, agreg\u00f3 el seleccionador.<\/p>\n<p>&nbsp;<\/p>\n","protected":false},"excerpt":{"rendered":"<p>SANTO DOMINGO.- En los Juegos Panamericanos 2015, el voleibol femenino de la Rep\u00fablica Dominicana alcanz\u00f3 medalla de bronce. Para Lima 2019, la meta es mantenerse en el podio. \u201cNosotros vamos a buscar una medalla\u201d, dijo el t\u00e9cnico del conjunto tricolor Marcos Kwiek al peri\u00f3dico Diario Libre. Al cuestionarle el matutino sobre el color de la [&hellip;]<\/p>\n","protected":false},"author":9,"featured_media":53503,"comment_status":"closed","ping_status":"closed","sticky":false,"template":"","format":"standard","meta":[],"categories":[3,2,60],"tags":[],"acf":[],"_links":{"self":[{"href":"https:\/\/colimdo.org\/wp-api\/wp\/v2\/posts\/53502"}],"collection":[{"href":"https:\/\/colimdo.org\/wp-api\/wp\/v2\/posts"}],"about":[{"href":"https:\/\/colimdo.org\/wp-api\/wp\/v2\/types\/post"}],"author":[{"embeddable":true,"href":"https:\/\/colimdo.org\/wp-api\/wp\/v2\/users\/9"}],"replies":[{"embeddable":true,"href":"https:\/\/colimdo.org\/wp-api\/wp\/v2\/comments?post=53502"}],"version-history":[{"count":1,"href":"https:\/\/colimdo.org\/wp-api\/wp\/v2\/posts\/53502\/revisions"}],"predecessor-version":[{"id":53504,"href":"https:\/\/colimdo.org\/wp-api\/wp\/v2\/posts\/53502\/revisions\/53504"}],"wp:featuredmedia":[{"embeddable":true,"href":"https:\/\/colimdo.org\/wp-api\/wp\/v2\/media\/53503"}],"wp:attachment":[{"href":"https:\/\/colimdo.org\/wp-api\/wp\/v2\/media?parent=53502"}],"wp:term":[{"taxonomy":"category","embeddable":true,"href":"https:\/\/colimdo.org\/wp-api\/wp\/v2\/categories?post=53502"},{"taxonomy":"post_tag","embeddable":true,"href":"https:\/\/colimdo.org\/wp-api\/wp\/v2\/tags?post=53502"}],"curies":[{"name":"wp","href":"https:\/\/api.w.org\/{rel}","templated":true}]}}