{"id":53524,"date":"2019-05-16T18:20:56","date_gmt":"2019-05-16T18:20:56","guid":{"rendered":"https:\/\/colimdo.org\/?p=53524"},"modified":"2019-05-16T18:20:56","modified_gmt":"2019-05-16T18:20:56","slug":"juana-fernandez-correra-gran-fondo-nueva-york","status":"publish","type":"post","link":"https:\/\/colimdo.org\/noticias\/juana-fernandez-correra-gran-fondo-nueva-york\/","title":{"rendered":"Juana Fern\u00e1ndez correr\u00e1 en el Gran Fondo de Nueva York"},"content":{"rendered":"<p>La veterana pedalista Juana Fern\u00e1ndez representar\u00e1 a la Rep\u00fablica Dominicana en la competencia cicl\u00edstica el Gran Fondo de Nueva York, evento que ser\u00e1 efectuado este domingo en esa ciudad con la participaci\u00f3n de gran parte de las m\u00e1s laureadas pedalistas de Am\u00e9rica Latina.<\/p>\n<p>Juana, quien parti\u00f3 ayer a Nueva York para accionar en el evento, logr\u00f3 la distinci\u00f3n tras salir airosa en el certamen efectuado el pasado siete de abril en Punta Cana.<\/p>\n<p>\u201cVoy con mucha fe, confianza y motivaci\u00f3n en busca de volver a ocupar un lugar en el p\u00f3dium de ganadores para lo cual he entrenado cada d\u00eda\u201d, expres\u00f3 la pedalista sobre este nuevo reto que presenta su carrera.<\/p>\n<p>Fern\u00e1ndez ser\u00e1 la representante de Dominicana en la competencia que comprender\u00e1 una ruta de unos 160 kil\u00f3metros, que contar\u00e1 con unos 2,800 metros de elevaci\u00f3n y en el que accionar\u00e1n unas 600 competidoras.<\/p>\n<p>En la prueba, Fern\u00e1ndez tendr\u00e1 entre sus rivales a Camila Cort\u00e9s, de Colombia y quien ha ganado una docena de veces, Marcia Berrios, de Panam\u00e1 y quien es monarca en esa naci\u00f3n, Flavia Lorenzetti, campeona de Uruguay entre otras.<\/p>\n<p>Antonio Acosta, representante del Gran Fondo de Nueva York en Dominicana\u00a0\u00a0destac\u00f3 que en el certamen a efectuarse este domingo competir\u00e1n unos 5,000 mil pedalistas, de ambos sexos , quienes lo har\u00e1n en variadas categor\u00edas.<\/p>\n<p>La de Punta Cana efectuada el pasado abril se convirti\u00f3 en la primera vez que la prueba es celebrada en territorio dominicano.En esa ocasi\u00f3n Fern\u00e1ndez y Deivy Capell\u00e1n se apoderaron de los primeros lugares en la categor\u00eda \u00e9lite, tanto femenino como masculino.<\/p>\n<p>El evento cuenta con un calendario completo, un total de 20 carreras, casi al estilo la Formula Uno, y ya para lo que resta del a\u00f1o faltar\u00edan unas 12 a ser realizadas en diferentes pa\u00edses.<\/p>\n","protected":false},"excerpt":{"rendered":"<p>La veterana pedalista Juana Fern\u00e1ndez representar\u00e1 a la Rep\u00fablica Dominicana en la competencia cicl\u00edstica el Gran Fondo de Nueva York, evento que ser\u00e1 efectuado este domingo en esa ciudad con la participaci\u00f3n de gran parte de las m\u00e1s laureadas pedalistas de Am\u00e9rica Latina. Juana, quien parti\u00f3 ayer a Nueva York para accionar en el evento, [&hellip;]<\/p>\n","protected":false},"author":9,"featured_media":53525,"comment_status":"closed","ping_status":"closed","sticky":false,"template":"","format":"standard","meta":[],"categories":[2,60],"tags":[],"acf":[],"_links":{"self":[{"href":"https:\/\/colimdo.org\/wp-api\/wp\/v2\/posts\/53524"}],"collection":[{"href":"https:\/\/colimdo.org\/wp-api\/wp\/v2\/posts"}],"about":[{"href":"https:\/\/colimdo.org\/wp-api\/wp\/v2\/types\/post"}],"author":[{"embeddable":true,"href":"https:\/\/colimdo.org\/wp-api\/wp\/v2\/users\/9"}],"replies":[{"embeddable":true,"href":"https:\/\/colimdo.org\/wp-api\/wp\/v2\/comments?post=53524"}],"version-history":[{"count":1,"href":"https:\/\/colimdo.org\/wp-api\/wp\/v2\/posts\/53524\/revisions"}],"predecessor-version":[{"id":53526,"href":"https:\/\/colimdo.org\/wp-api\/wp\/v2\/posts\/53524\/revisions\/53526"}],"wp:featuredmedia":[{"embeddable":true,"href":"https:\/\/colimdo.org\/wp-api\/wp\/v2\/media\/53525"}],"wp:attachment":[{"href":"https:\/\/colimdo.org\/wp-api\/wp\/v2\/media?parent=53524"}],"wp:term":[{"taxonomy":"category","embeddable":true,"href":"https:\/\/colimdo.org\/wp-api\/wp\/v2\/categories?post=53524"},{"taxonomy":"post_tag","embeddable":true,"href":"https:\/\/colimdo.org\/wp-api\/wp\/v2\/tags?post=53524"}],"curies":[{"name":"wp","href":"https:\/\/api.w.org\/{rel}","templated":true}]}}