{"id":53527,"date":"2019-05-16T19:42:07","date_gmt":"2019-05-16T19:42:07","guid":{"rendered":"https:\/\/colimdo.org\/?p=53527"},"modified":"2019-05-16T19:42:07","modified_gmt":"2019-05-16T19:42:07","slug":"dominicanos-llegan-optimistas-barranquilla-grand-prix-atletismo","status":"publish","type":"post","link":"https:\/\/colimdo.org\/noticias\/dominicanos-llegan-optimistas-barranquilla-grand-prix-atletismo\/","title":{"rendered":"Dominicanos llegan optimistas a Barranquilla para Grand Prix de Atletismo"},"content":{"rendered":"<p style=\"font-weight: 400;\"><strong>BARRANQUILLA, Colombia<\/strong>.\u00a0 El atletismo dominicano no detiene su lucha en la b\u00fasqueda de los boletos clasificatorios a los Juegos Panamericanos de Lima, que tendr\u00e1n lugar en la capital peruana del 26 de julio al 11 de agosto de este a\u00f1o.<\/p>\n<p style=\"font-weight: 400;\">Con ese objetivo arrib\u00f3 este viernes a Colombia una delegaci\u00f3n de 17 atletas que competir\u00e1n en el Gran Premio Internacional de Atletismo \u201cCaterine Ibarg\u00fcen\u201d.<\/p>\n<p style=\"font-weight: 400;\">Adem\u00e1s de perseguir las marcas m\u00ednimas para los Juegos Panamericanos de Lima, los dominicanos buscar\u00e1n las medallas en la primera versi\u00f3n del evento que lleva el nombre de la m\u00e1s grande atleta de campo y pista en la historia del atletismo colombiano.<\/p>\n<p style=\"font-weight: 400;\">El Grand Prix se correr\u00e1 entre s\u00e1bado y domingo en el estadio Rafael Cotes, de Barranquilla, el mismo que alberg\u00f3 el a\u00f1o pasado las competencias de los Juegos Centroamericanos y del Caribe Ibarg\u00fcen, doble campeona ol\u00edmpica y mundial en salto triple y salto alto, es nativa de esta ciudad.<\/p>\n<p style=\"font-weight: 400;\">\u201cLos chicos llegan a Barranquilla con la ilusi\u00f3n de tener un buen desempe\u00f1o, en cuanto a la clasificaci\u00f3n para Lima y en la b\u00fasqueda de las medallas\u201d, dijo el entrenador en jefe de la representaci\u00f3n de Quisqueya F\u00e9lix S\u00e1nchez, el doble campe\u00f3n ol\u00edmpico y mundial en 400 metros con vallas.<\/p>\n<p style=\"font-weight: 400;\">S\u00e1nchez, quien integra el cuerpo de entrenadores junto con Tomasa G\u00f3mez, elogi\u00f3 el nivel de preparaci\u00f3n y el entusiasmo que embarga a los atletas.<\/p>\n<p style=\"font-weight: 400;\">En su caso, agradeci\u00f3 la confianza que en \u00e9l ha depositado la Federaci\u00f3n Dominicana de Atletismo de su pa\u00eds, y en particular de su presidente Gerardo Suero Correa. La delegaci\u00f3n tiene como delegado t\u00e9cnico a Hugo G\u00f3mez y a Jos\u00e9 Est\u00e9vez de fisioterapeuta.<\/p>\n<p style=\"font-weight: 400;\"><strong>Los atletas<\/strong><\/p>\n<p style=\"font-weight: 400;\">La representaci\u00f3n dominicana la conforman 10 mujeres y siete hombres y en su mayor\u00eda competir\u00e1n en eventos de velocidad. Las \u00fanicas que no actuaci\u00f3n en eventos no convencionales son Ana Jos\u00e9 Tim\u00e1, en salto triple; Katherine Nina, salto alto y Rosa Ang\u00e9lica Santana, quien lo har\u00e1 en impulso de la bala.<\/p>\n<p style=\"font-weight: 400;\">La selecci\u00f3n femenina la completan Mariely S\u00e1nchez, Marileidy Paulino y Martha M\u00e9ndez, quienes correr\u00e1n en 100 y 200 metros planos.<\/p>\n<p style=\"font-weight: 400;\">Mientras que en 200 y 400 competir\u00e1n Anabel Medina y Milagros Dur\u00e1n. De su lado, Mar\u00eda Fernanda Matos correr\u00e1 los 400 con vallas y Soranyi Rodr\u00edguez los 5,000 metros.<\/p>\n<p style=\"font-weight: 400;\">En la rama masculina, Leonel Bon\u00f3n, Luis Charles y Lidio F\u00e9liz largar\u00e1n en 400 metros planos. Melvin Marcelino, Jos\u00e9 Gonz\u00e1lez y Reymond Urbino en 100 y 200m, as\u00ed como Ferdy Agramonte, en 800 lisos.<\/p>\n","protected":false},"excerpt":{"rendered":"<p>BARRANQUILLA, Colombia.\u00a0 El atletismo dominicano no detiene su lucha en la b\u00fasqueda de los boletos clasificatorios a los Juegos Panamericanos de Lima, que tendr\u00e1n lugar en la capital peruana del 26 de julio al 11 de agosto de este a\u00f1o. Con ese objetivo arrib\u00f3 este viernes a Colombia una delegaci\u00f3n de 17 atletas que competir\u00e1n [&hellip;]<\/p>\n","protected":false},"author":9,"featured_media":53528,"comment_status":"closed","ping_status":"closed","sticky":false,"template":"","format":"standard","meta":[],"categories":[3,2,60],"tags":[],"acf":[],"_links":{"self":[{"href":"https:\/\/colimdo.org\/wp-api\/wp\/v2\/posts\/53527"}],"collection":[{"href":"https:\/\/colimdo.org\/wp-api\/wp\/v2\/posts"}],"about":[{"href":"https:\/\/colimdo.org\/wp-api\/wp\/v2\/types\/post"}],"author":[{"embeddable":true,"href":"https:\/\/colimdo.org\/wp-api\/wp\/v2\/users\/9"}],"replies":[{"embeddable":true,"href":"https:\/\/colimdo.org\/wp-api\/wp\/v2\/comments?post=53527"}],"version-history":[{"count":1,"href":"https:\/\/colimdo.org\/wp-api\/wp\/v2\/posts\/53527\/revisions"}],"predecessor-version":[{"id":53529,"href":"https:\/\/colimdo.org\/wp-api\/wp\/v2\/posts\/53527\/revisions\/53529"}],"wp:featuredmedia":[{"embeddable":true,"href":"https:\/\/colimdo.org\/wp-api\/wp\/v2\/media\/53528"}],"wp:attachment":[{"href":"https:\/\/colimdo.org\/wp-api\/wp\/v2\/media?parent=53527"}],"wp:term":[{"taxonomy":"category","embeddable":true,"href":"https:\/\/colimdo.org\/wp-api\/wp\/v2\/categories?post=53527"},{"taxonomy":"post_tag","embeddable":true,"href":"https:\/\/colimdo.org\/wp-api\/wp\/v2\/tags?post=53527"}],"curies":[{"name":"wp","href":"https:\/\/api.w.org\/{rel}","templated":true}]}}