{"id":53530,"date":"2019-05-16T19:32:58","date_gmt":"2019-05-16T19:32:58","guid":{"rendered":"https:\/\/colimdo.org\/?p=53530"},"modified":"2019-05-16T19:44:40","modified_gmt":"2019-05-16T19:44:40","slug":"masnada-gana-sexta-etapa-conti-nuevo-lider-general-del-giro-italia","status":"publish","type":"post","link":"https:\/\/colimdo.org\/noticias\/masnada-gana-sexta-etapa-conti-nuevo-lider-general-del-giro-italia\/","title":{"rendered":"Masnada gana sexta etapa y Conti nuevo l\u00edder general del Giro de Italia"},"content":{"rendered":"<p>SAN GIOVANNI ROTONDO, Italia (AP) \u2014 El italiano Fausto Masnada se adjudic\u00f3 su primera victoria en un Grand Tour al ganar el jueves la sexta etapa del Giro de Italia, en la que su compatriota Valerio Conti desplaz\u00f3 del liderato general a Primoz Roglic, involucrado en una ca\u00edda al inicio del recorrido.<\/p>\n<p>Los dos italianos protagonizaron una fuga de casi 30 kil\u00f3metros y Conti dej\u00f3 que Masnada se apuntara la victoria de etapa cuando no dio pelea en el embalaje, al tener certificado que se iba a apoderar de la casaca rosa para el l\u00edder de la clasificaci\u00f3n general.<\/p>\n<p>\u201cMuch\u00edsima alegr\u00eda. S\u00faper contento. Sab\u00eda que estaba en buenas condiciones, pero ganar una etapa es realmente dif\u00edcil y lo logr\u00e9\u201d, dijo Masnada, corredor del equipo Androni. \u201cQuiero dedicar esta victoria a mi t\u00edo que falleci\u00f3 poco antes de venir para el Giro. Pude verle y le prometi\u00f3 ganar una etapa en su honor y lo logr\u00e9\u201d.<\/p>\n<p>Masnada y Conti se desprendieron del grupo de 12 corredores que emprendi\u00f3 la primera fuga en la ruta de 238 kil\u00f3metros (148 millas) desde Cassino hasta San Giovanni Rotondo luego que la ca\u00edda fren\u00f3 brevemente al pelot\u00f3n.<\/p>\n<p>Roglic, quien luci\u00f3 la \u2018maglia rosa\u2019 desde que gan\u00f3 la contrarreloj que puso en marcha el Giro el s\u00e1bado, estuvo entre los accidentes, pero el pedalista esloveno no sufri\u00f3 heridas graves. Sin embargo, Roglic qued\u00f3 con los pantalones desgarrados y sufri\u00f3 cortaduras en la nalga derecha.<\/p>\n<p>El espa\u00f1ol Jos\u00e9 Rojas, del equipo Movistar, qued\u00f3 tercero, 38 segundos detr\u00e1s de Masnada.<\/p>\n<p>Roglic y los otros favoritos cruzaron la meta con un retraso de siete minutos con respecto a Conti, y quedaron a m\u00e1s de cinco minutos del corredor del equipo UAE Team Emirates en la general.<\/p>\n<p>Conti aventaja por 1 minuto y 41 segundo a su compatriota Giovanni Carboni y por 2:09 al franc\u00e9s Nans Peters. El costarricense Andrey Amador (Movistar) marcha noveno, a 3:27.<\/p>\n<p>Conti, de 26 a\u00f1os, ser\u00e1 el primer italiano en ostentar la \u2018maglia rosa\u2019 desde que Vincenzo Nibali lo hizo en 2016 \u2014 el a\u00f1o en el que conquist\u00f3 su segundo t\u00edtulo del Giro.<\/p>\n<p>\u201cSal\u00ed a buscar tanto la victoria de etapa y la \u2018maglia rosa\u2019 pero Fausto Masnada es un corredor muy fuerte\u201d, dijo Conti. \u201cEstoy feliz con mi cosecha. Esto es fant\u00e1stico para un ciclista italiano\u201d.<\/p>\n<p>La s\u00e9ptima el viernes consistir\u00e1 en un tramo de 185 kil\u00f3metros que largar\u00e1 en Vasto y tendr\u00e1 un tortuoso ascenso para la meta en L\u2019Aquila.<\/p>\n<p>El Giro culminar\u00e1 en Verona el 2 de junio.<\/p>\n","protected":false},"excerpt":{"rendered":"<p>SAN GIOVANNI ROTONDO, Italia (AP) \u2014 El italiano Fausto Masnada se adjudic\u00f3 su primera victoria en un Grand Tour al ganar el jueves la sexta etapa del Giro de Italia, en la que su compatriota Valerio Conti desplaz\u00f3 del liderato general a Primoz Roglic, involucrado en una ca\u00edda al inicio del recorrido. Los dos italianos [&hellip;]<\/p>\n","protected":false},"author":9,"featured_media":53531,"comment_status":"closed","ping_status":"closed","sticky":false,"template":"","format":"standard","meta":[],"categories":[2,60],"tags":[],"acf":[],"_links":{"self":[{"href":"https:\/\/colimdo.org\/wp-api\/wp\/v2\/posts\/53530"}],"collection":[{"href":"https:\/\/colimdo.org\/wp-api\/wp\/v2\/posts"}],"about":[{"href":"https:\/\/colimdo.org\/wp-api\/wp\/v2\/types\/post"}],"author":[{"embeddable":true,"href":"https:\/\/colimdo.org\/wp-api\/wp\/v2\/users\/9"}],"replies":[{"embeddable":true,"href":"https:\/\/colimdo.org\/wp-api\/wp\/v2\/comments?post=53530"}],"version-history":[{"count":1,"href":"https:\/\/colimdo.org\/wp-api\/wp\/v2\/posts\/53530\/revisions"}],"predecessor-version":[{"id":53532,"href":"https:\/\/colimdo.org\/wp-api\/wp\/v2\/posts\/53530\/revisions\/53532"}],"wp:featuredmedia":[{"embeddable":true,"href":"https:\/\/colimdo.org\/wp-api\/wp\/v2\/media\/53531"}],"wp:attachment":[{"href":"https:\/\/colimdo.org\/wp-api\/wp\/v2\/media?parent=53530"}],"wp:term":[{"taxonomy":"category","embeddable":true,"href":"https:\/\/colimdo.org\/wp-api\/wp\/v2\/categories?post=53530"},{"taxonomy":"post_tag","embeddable":true,"href":"https:\/\/colimdo.org\/wp-api\/wp\/v2\/tags?post=53530"}],"curies":[{"name":"wp","href":"https:\/\/api.w.org\/{rel}","templated":true}]}}