{"id":53533,"date":"2019-05-16T19:47:05","date_gmt":"2019-05-16T19:47:05","guid":{"rendered":"https:\/\/colimdo.org\/?p=53533"},"modified":"2019-05-16T19:47:05","modified_gmt":"2019-05-16T19:47:05","slug":"inauguran-este-viernes-torneo-boxeo-novatos-cesar-medina","status":"publish","type":"post","link":"https:\/\/colimdo.org\/noticias\/inauguran-este-viernes-torneo-boxeo-novatos-cesar-medina\/","title":{"rendered":"Inauguran este viernes torneo de boxeo para Novatos C\u00e9sar Medina"},"content":{"rendered":"<p class=\"m_-6307450740341826211ydp3ecd08bdyiv4957587090ydp5870fc68MsoNormal\">SANTO DOMINGO.- Con la participaci\u00f3n de m\u00e1s de 200 atletas ser\u00e1 inaugurado este viernes el Torneo de Boxeo para Novatos C\u00e9sar Medina del Distrito Nacional.<\/p>\n<p class=\"m_-6307450740341826211ydp3ecd08bdyiv4957587090ydp5870fc68MsoNormal\">La ceremonia de apertura del evento tendr\u00e1 lugar a las 5:00 de la tarde en el coliseo de boxeo Carlos \u2013Teo- Cruz. El torneo es organizado por la Asociaci\u00f3n de Boxeo del Distrito Nacional.<\/p>\n<p class=\"m_-6307450740341826211ydp3ecd08bdyiv4957587090ydp5870fc68MsoNormal\">El periodista H\u00e9ctor Garc\u00eda, presidente de la Asociaci\u00f3n de Boxeo del Distrito Nacional, inform\u00f3 que el evento ser\u00e1 dedicado al general retirado Marcelino Mateo Moquete. El torneo lleva el nombre del fenecido periodista C\u00e9sar Medina, quien en un tiempo fue soporte de esta activad.<\/p>\n<p class=\"m_-6307450740341826211ydp3ecd08bdyiv4957587090ydp5870fc68MsoNormal\">Este torneo forma parte del programa de actividades que desarrolla la Asociaci\u00f3n de Boxeo de esta capital y se estar\u00e1 desarrollando en todas las categor\u00edas de cadetes y juvenil.<\/p>\n<p class=\"m_-6307450740341826211ydp3ecd08bdyiv4957587090ydp5870fc68MsoNormal\">Al acto de inauguraci\u00f3n han sido invitadas las autoridades deportivas del pa\u00eds, incluyendo al Ministro de Deportes, licenciado Danilo D\u00edaz Vizca\u00edno, as\u00ed como al presidente del Comit\u00e9 Ol\u00edmpico Dominicano, licenciado Luis Mej\u00eda Oviedo.<\/p>\n<p class=\"m_-6307450740341826211ydp3ecd08bdyiv4957587090ydp5870fc68MsoNormal\">Entre los clubes que han confirmado su asistencia al evento figuran Los Cachorros, Billy Thompson, Samuel Santana, Ram\u00f3n Paula, Ulises Valent\u00edn y Villa Francisca.<\/p>\n<p class=\"m_-6307450740341826211ydp3ecd08bdyiv4957587090ydp5870fc68MsoNormal\">Tambi\u00e9n estar\u00e1n p\u00fagiles de San Carlos, XII Juegos, Los Cachorros, Capit\u00e1n Pe\u00f1a, Sim\u00f3n Bol\u00edvar, Jos\u00e9 Nicol\u00e1s Casimiro, Jos\u00e9 G\u00f3mez D\u00edaz y Mar\u00eda Auxiliadora.<\/p>\n<p class=\"m_-6307450740341826211ydp3ecd08bdyiv4957587090ydp5870fc68MsoNormal\">De este torneo se escoger\u00e1n los mejores talentos para representar a la Asociaci\u00f3n del Distrito Nacional en los eventos de car\u00e1cter regional y nacional.<\/p>\n","protected":false},"excerpt":{"rendered":"<p>SANTO DOMINGO.- Con la participaci\u00f3n de m\u00e1s de 200 atletas ser\u00e1 inaugurado este viernes el Torneo de Boxeo para Novatos C\u00e9sar Medina del Distrito Nacional. La ceremonia de apertura del evento tendr\u00e1 lugar a las 5:00 de la tarde en el coliseo de boxeo Carlos \u2013Teo- Cruz. El torneo es organizado por la Asociaci\u00f3n de [&hellip;]<\/p>\n","protected":false},"author":9,"featured_media":53534,"comment_status":"closed","ping_status":"closed","sticky":false,"template":"","format":"standard","meta":[],"categories":[2,60],"tags":[],"acf":[],"_links":{"self":[{"href":"https:\/\/colimdo.org\/wp-api\/wp\/v2\/posts\/53533"}],"collection":[{"href":"https:\/\/colimdo.org\/wp-api\/wp\/v2\/posts"}],"about":[{"href":"https:\/\/colimdo.org\/wp-api\/wp\/v2\/types\/post"}],"author":[{"embeddable":true,"href":"https:\/\/colimdo.org\/wp-api\/wp\/v2\/users\/9"}],"replies":[{"embeddable":true,"href":"https:\/\/colimdo.org\/wp-api\/wp\/v2\/comments?post=53533"}],"version-history":[{"count":1,"href":"https:\/\/colimdo.org\/wp-api\/wp\/v2\/posts\/53533\/revisions"}],"predecessor-version":[{"id":53535,"href":"https:\/\/colimdo.org\/wp-api\/wp\/v2\/posts\/53533\/revisions\/53535"}],"wp:featuredmedia":[{"embeddable":true,"href":"https:\/\/colimdo.org\/wp-api\/wp\/v2\/media\/53534"}],"wp:attachment":[{"href":"https:\/\/colimdo.org\/wp-api\/wp\/v2\/media?parent=53533"}],"wp:term":[{"taxonomy":"category","embeddable":true,"href":"https:\/\/colimdo.org\/wp-api\/wp\/v2\/categories?post=53533"},{"taxonomy":"post_tag","embeddable":true,"href":"https:\/\/colimdo.org\/wp-api\/wp\/v2\/tags?post=53533"}],"curies":[{"name":"wp","href":"https:\/\/api.w.org\/{rel}","templated":true}]}}