{"id":53558,"date":"2019-05-16T23:24:24","date_gmt":"2019-05-16T23:24:24","guid":{"rendered":"https:\/\/colimdo.org\/?p=53558"},"modified":"2019-05-16T23:24:24","modified_gmt":"2019-05-16T23:24:24","slug":"lima-2019-amuebla-las-sedes-los-panamericanos-tras-acabar-las-obras-tiempo","status":"publish","type":"post","link":"https:\/\/colimdo.org\/noticias\/lima-2019-amuebla-las-sedes-los-panamericanos-tras-acabar-las-obras-tiempo\/","title":{"rendered":"Lima 2019 &#8220;amuebla&#8221; las sedes de los Panamericanos tras acabar las obras a tiempo"},"content":{"rendered":"<p class=\"canvas-atom canvas-text Mb(1.0em) Mb(0)--sm Mt(0.8em)--sm\">Lima, 16 may (EFE).- El presidente del comit\u00e9 organizador de los Juegos Panamericanos de Lima 2019, Carlos Neuhaus, asegur\u00f3 este jueves que las obras para acoger el mayor acontecimiento deportivo de Am\u00e9rica &#8220;est\u00e1n pr\u00e1cticamente terminadas&#8221; a falta de poco m\u00e1s de dos meses para la inauguraci\u00f3n de las competencias.<\/p>\n<p class=\"canvas-atom canvas-text Mb(1.0em) Mb(0)--sm Mt(0.8em)--sm\">Neuhaus explic\u00f3 en una conferencia con la Asociaci\u00f3n de Prensa Extranjera en el Per\u00fa (APEP) que &#8220;el partido est\u00e1 pr\u00e1cticamente volteado&#8221;, en referencia a la contrarreloj que tuvieron que afrontar para construir todas las sedes en apenas dos a\u00f1os y medio.<\/p>\n<p class=\"canvas-atom canvas-text Mb(1.0em) Mb(0)--sm Mt(0.8em)--sm\">&#8220;Si lo comparamos con una casa, estamos ya llevando los muebles&#8221;, coment\u00f3 Neuhaus en la reuni\u00f3n celebrada en la bolera construida en la Villa Deportiva Nacional (Videna) de Lima, la principal sede deportiva, donde tambi\u00e9n acoger\u00e1 otras disciplinas como el atletismo y la nataci\u00f3n.<\/p>\n<p class=\"canvas-atom canvas-text Mb(1.0em) Mb(0)--sm Mt(0.8em)--sm\">El m\u00e1ximo responsable de Lima 2019 se\u00f1al\u00f3 que &#8220;en el centro acu\u00e1tico faltan algunos detalles en los interiores, pero ya se puede nadar&#8221;.<\/p>\n<p class=\"canvas-atom canvas-text Mb(1.0em) Mb(0)--sm Mt(0.8em)--sm\">&#8220;Hace a\u00f1o y medio esto era parte de una pampa. No hab\u00eda nada. Nuestro primer objetivo era que nos alcanzara el tiempo, y ahora lo que queremos es hacerlo lo mejor que se pueda y dar nuestro mejor esfuerzo para cumplir de la mejor manera&#8221;, apunt\u00f3.<\/p>\n<p class=\"canvas-atom canvas-text Mb(1.0em) Mb(0)--sm Mt(0.8em)--sm\">En ese plazo tambi\u00e9n se han construido un vel\u00f3dromo, dos pabellones y un polideportivo con campos de b\u00e9isbol, s\u00f3ftbol, rugby y front\u00f3n, y la remodelaci\u00f3n del estadio de atletismo y del estadio de f\u00fatbol de la Universidad Nacional Mayor de San Marcos (UNMSM), entre otras importantes obras.<\/p>\n<p class=\"canvas-atom canvas-text Mb(1.0em) Mb(0)--sm Mt(0.8em)--sm\">Asimismo, Neuhaus se manifest\u00f3 confiado en que las obras viales pendientes de realizar por la Municipalidad de Lima en los accesos a las sedes sean consensuadas a tiempo.<\/p>\n<p class=\"canvas-atom canvas-text Mb(1.0em) Mb(0)--sm Mt(0.8em)--sm\">Coment\u00f3 que en el Gobierno &#8220;hay una convicci\u00f3n total de la necesidad de apoyo&#8221; y que muchos ministros ya se han puesto en &#8220;modo Panamericano&#8221;.<\/p>\n<p class=\"canvas-atom canvas-text Mb(1.0em) Mb(0)--sm Mt(0.8em)--sm\">Para evitar el ca\u00f3tico tr\u00e1fico de la ciudad, el comit\u00e9 organizador anticip\u00f3 que se decretar\u00e1 un puente festivo del 26 al 29 de julio, lo que permitir\u00e1 aligerar la carga de veh\u00edculos en las principales avenidas de la capital peruana.<\/p>\n<p class=\"canvas-atom canvas-text Mb(1.0em) Mb(0)--sm Mt(0.8em)--sm\">Respecto a la seguridad, la Polic\u00eda Nacional del Per\u00fa (PNP) destinar\u00e1 a 10.000 agentes a lo largo de toda la ciudad, de los que 3.000 estar\u00e1n en las mismas sedes, mientras que el Ej\u00e9rcito del Per\u00fa mandar\u00e1 a 3.000 soldados a cuidar servicios p\u00fablicos esenciales y espacios abiertos como la ruta del marat\u00f3n.<\/p>\n<p class=\"canvas-atom canvas-text Mb(1.0em) Mb(0)--sm Mt(0.8em)--sm\">El recorrido de la antorcha panamericana, que se encender\u00e1 en Teotihuac\u00e1n (M\u00e9xico), comenzar\u00e1 en las ruinas de la ciudadela inca de Machu Picchu y pasar\u00e1 por las principales ciudades de Per\u00fa, entre ellas Cusco, Puno, Arequipa, Ayacucho, Huancayo, Cerro de Pasco, Hu\u00e1nuco, Tarapoto, Iquitos, Piura, Cajamarca, Trujillo y Chimbote.<\/p>\n<p class=\"canvas-atom canvas-text Mb(1.0em) Mb(0)--sm Mt(0.8em)--sm\">La llama llegar\u00e1 a Lima por mar, a bordo del Uni\u00f3n, el buque a escuela a vela de la Armada peruana, que es el m\u00e1s grande de su tipo en Latinoam\u00e9rica, con sus 116 metros de eslora.<\/p>\n<div><\/div>\n<div class=\"Ov(h) Trs($transition-readmore) Mah(999999px)\"><\/div>\n<div><\/div>\n","protected":false},"excerpt":{"rendered":"<p>El presidente del comit\u00e9 organizador de los Juegos Panamericanos de Lima 2019, Carlos Neuhaus, asegur\u00f3 este jueves que las obras para acoger el mayor acontecimiento deportivo de Am\u00e9rica &#8220;est\u00e1n pr\u00e1cticamente terminadas&#8221; a falta de poco m\u00e1s de dos meses para la inauguraci\u00f3n de las competencias.<\/p>\n","protected":false},"author":16,"featured_media":53559,"comment_status":"closed","ping_status":"closed","sticky":false,"template":"","format":"standard","meta":[],"categories":[2,60],"tags":[],"acf":[],"_links":{"self":[{"href":"https:\/\/colimdo.org\/wp-api\/wp\/v2\/posts\/53558"}],"collection":[{"href":"https:\/\/colimdo.org\/wp-api\/wp\/v2\/posts"}],"about":[{"href":"https:\/\/colimdo.org\/wp-api\/wp\/v2\/types\/post"}],"author":[{"embeddable":true,"href":"https:\/\/colimdo.org\/wp-api\/wp\/v2\/users\/16"}],"replies":[{"embeddable":true,"href":"https:\/\/colimdo.org\/wp-api\/wp\/v2\/comments?post=53558"}],"version-history":[{"count":1,"href":"https:\/\/colimdo.org\/wp-api\/wp\/v2\/posts\/53558\/revisions"}],"predecessor-version":[{"id":53560,"href":"https:\/\/colimdo.org\/wp-api\/wp\/v2\/posts\/53558\/revisions\/53560"}],"wp:featuredmedia":[{"embeddable":true,"href":"https:\/\/colimdo.org\/wp-api\/wp\/v2\/media\/53559"}],"wp:attachment":[{"href":"https:\/\/colimdo.org\/wp-api\/wp\/v2\/media?parent=53558"}],"wp:term":[{"taxonomy":"category","embeddable":true,"href":"https:\/\/colimdo.org\/wp-api\/wp\/v2\/categories?post=53558"},{"taxonomy":"post_tag","embeddable":true,"href":"https:\/\/colimdo.org\/wp-api\/wp\/v2\/tags?post=53558"}],"curies":[{"name":"wp","href":"https:\/\/api.w.org\/{rel}","templated":true}]}}