{"id":53593,"date":"2019-05-17T14:26:02","date_gmt":"2019-05-17T14:26:02","guid":{"rendered":"https:\/\/colimdo.org\/?p=53593"},"modified":"2019-05-17T14:26:02","modified_gmt":"2019-05-17T14:26:02","slug":"contreras-puso-fin-extraordinaria-carrera-halterofilia","status":"publish","type":"post","link":"https:\/\/colimdo.org\/noticias\/contreras-puso-fin-extraordinaria-carrera-halterofilia\/","title":{"rendered":"Contreras puso fin a extraordinaria carrera en halterofilia"},"content":{"rendered":"<div class=\"paragraph\">\n<p><strong>(DIARIO LIBRE)<\/strong> En el mismo lugar en que ella comenz\u00f3 su senda triunfal como arrolladora, all\u00ed dijo adi\u00f3s a la halterofilia, Yuderqui Contreras, la m\u00e1s excelsa de las pesas femenina, quien luego de 16 a\u00f1os decide bajarse de la plataforma.<\/p>\n<p>Si hay dudas sobre su excelsa carrera quedan respondidas con este breve detalle: Dos de oro y una de plata en Juegos Centroamericanos y del Caribe consecutivos; una plata y dos oros en Juegos Panamericanos consecutivos y los r\u00e9cords de esas dos regiones, adem\u00e1s de cuarta en los Juegos Ol\u00edmpicos de 2008. Todo eso en su divisi\u00f3n de los 53 kilogramos para ser la reina de las pesas de esa divisi\u00f3n.<\/p>\n<p>En el 2003, con tan s\u00f3lo 17 a\u00f1os y apenas unos seis meses en las pesas, Contreras comenz\u00f3 a sorprender al conquistar una resonante medalla de plata en los Juegos Panamericanos de Santo Domingo, ese a\u00f1o. Su sonrisa comenz\u00f3 a deslumbrar desde entonces.<\/p>\n<p>Y esta semana justamente anunci\u00f3 su despedida, luego de conquistar la presea de oro en el campeonato de pesas de los Juegos Deportivos Militares. Su anuncio formal ser\u00e1 el 12 de junio en el Comit\u00e9 Ol\u00edmpico Dominicano. Por tanto no ir\u00e1 a los Juegos de Lima 2019. La nativa del sector La Caoba (San Pedro de Macor\u00eds) comenz\u00f3 en una competencia continental, un pelda\u00f1o muy elevado para su edad. El paso de casi dos d\u00e9cadas, la dej\u00f3 como la atleta m\u00e1s ilustre no s\u00f3lo de las pesas, sino de cualquer atleta femenina.<\/p>\n<\/div>\n<div class=\"entretitulo\">El adi\u00f3s<\/div>\n<div class=\"paragraph\">\n<p>El cuerpo de Yuderqui dej\u00f3 de responder de forma acostumbrada. Fall\u00f3, en abril, en el Panamericano de pesas, en Guatemala y sus \u00faltimas presentaciones estaban lejos de su clase.<\/p>\n<\/div>\n<div class=\"entretitulo\">En grande<\/div>\n<div class=\"paragraph\">\n<p>A ella s\u00f3lo le falt\u00f3 una medalla ol\u00edmpica, con la que coquete\u00f3 en los Juegos de Pek\u00edn 2008, al ubicarse encuarto lugar. La medalla pudo pasar del sue\u00f1o a la realidad, pero horas antes de subir a la plataforma fue perseguida para una prueba de sustancias controladas, lo que la oblig\u00f3 a tomar agua en exceso para orinar. Eso la llev\u00f3 a subir al menos kilo y medio m\u00e1s y en consecuencia tuvo que abandonarse en el sauna por varias horas con el fin de conseguir el peso requerido para su divisi\u00f3n de los 53 kilogramos. A\u00fan as\u00ed qued\u00f3 a dos kg de hacerse con el bronce, tras alzar 93 kg en arranque y 111 en envi\u00f3n para totalizar 204 kg, dos menos que la indonesa Raema Lisa Rumbewas (91+115\/206). Con empatar, Yuderqui Maridalia hubiera ganado por peso corporal.<\/p>\n<p>El proceso se convirti\u00f3 en la parte m\u00e1s triste de su carrera, pues una prueba de dopaje, en esos Juegos, alegadamente fue positiva, pero la prueba B reafirm\u00f3 la pureza y juego limpio de Yuderqui. El caso pudo derivar en demanda legal, pero labrar eso era otro asunto que por alguna raz\u00f3n qued\u00f3 ah\u00ed.<\/p>\n<\/div>\n<div class=\"entretitulo\">Due\u00f1a de r\u00e9cords<\/div>\n<div class=\"paragraph\">\n<p>Esta atleta \u201cpremium\u201d lleg\u00f3 a quebrar sus propias marcas varias veces. Luego de una readecuaci\u00f3n de las divisiones de pesas, ella termin\u00f3 como la reina de los 53 kilogramos, categor\u00eda que fue movida a los 55 kilogramos. Antes de la reprogramaci\u00f3n dej\u00f3 unos kilos muy elevados con marca de 96+113 en Juegos Panamericanos, en este caso en los de Guadalajara 2011. Quebr\u00f3 los de R\u00edo 2007. M\u00e1s elevado dej\u00f3 el list\u00f3n a nivel de Juegos Centroamericanos y del Caribe (97+117), marcas que tambi\u00e9n quedaron imborrables. En el 2011, en el Foro de Halterolia en Tlaquepaque, Guadalajara, despu\u00e9s de la competencia la venezolana Inmara Henr\u00edquez lo dej\u00f3 claro: \u201cSi Yuderqui viene una sabe que viene a pelear por la plata\u201d.<\/p>\n<\/div>\n<div class=\"entretitulo\">Su mayor disfrute<\/div>\n<div class=\"paragraph\">\n<p>La presea que m\u00e1s la hace sentirse orgullosa fue su primera en un mundial. Ocurri\u00f3 en Qatar al ganar bronce en 2005 con 211 kg. Luego logr\u00f3 plata en Antalya, Turqu\u00eda con 93 kg en arranque. \u201c\u00bfSabes lo que es coger una medalla mundial y aqu\u00ed no valoran eso?\u201d, coment\u00f3 la haltera.<\/p>\n<\/div>\n<div class=\"entretitulo\">Momentos m\u00e1s tristes<\/div>\n<div class=\"paragraph\">\n<p>En los Juegos Ol\u00edmpicos de Londres 2012 por primera vez fue incapaz de pasar un intento, con el arranque de los 94 kilogramos, el cual fall\u00f3 tres veces y ah\u00ed se elimin\u00f3. Ese hecho, unido a su vinculaci\u00f3n al dopaje en 2008 son las noches tristes de la laureada atleta.<\/p>\n<\/div>\n<div class=\"entretitulo\">\u00bfY ahora qu\u00e9?<\/div>\n<div class=\"paragraph\">\n<p>Estudiante de contabilidad en la Unphu, Yuderqui Maridalia es madre de Ian, su ni\u00f1o de un a\u00f1o y ocho meses. Tiene esas dos tareas por delante. Algo es seguro y es que se despide del deporte con una carrera de Grado A. En una conversaci\u00f3n informal, en chanza, pero sin dejar de ser real, coment\u00f3: \u201cCada vez que compet\u00eda yo romp\u00eda mi propio r\u00e9cord\u201d<\/p>\n<\/div>\n<div id=\"container-1164659\" class=\"mt-3 mb-4 p-3 insert_headline content-capsule\">\n<div class=\"insertBlock\">\n<div class=\"insert_title\"><strong>Lauros de Yuderqui<\/strong><\/div>\n<div class=\"list-detail\">\n<ul class=\"no-list-style\">\n<li>Campeonatos mundiales<\/li>\n<li>Medalla A\u00f1o\/Pa\u00eds Categor\u00eda<\/li>\n<li>Bronce 2005\/Doha \u2013 53 kg<\/li>\n<li>Bronce 2010\/Antalya \u2013 53 kg<\/li>\n<li>Juegos Panamericanos<\/li>\n<li>Oro 2007\/R\u00edo \u2013 53 kg<\/li>\n<li>Oro 2011\/Guadalajara \u2013 53 kg<\/li>\n<li>Plata 2003\/Sto. Domingo \u2013 53 kg<\/li>\n<li>Juegos Centroamericanos y del Caribe<\/li>\n<li>Oro 2006\/Cartagena \u2013 58 kg<\/li>\n<li>Oro 2010\/Mayag\u00fcez \u2013 53 kg<\/li>\n<li>Plata 2010\/Guadalajara \u2013 53 kg<\/li>\n<li>Juegos Ol\u00edmpicos<\/li>\n<li>4\u00b0 lugar 2008\/Pek\u00edn -53 kg<\/li>\n<\/ul>\n<\/div>\n<\/div>\n<\/div>\n","protected":false},"excerpt":{"rendered":"<p>(DIARIO LIBRE) En el mismo lugar en que ella comenz\u00f3 su senda triunfal como arrolladora, all\u00ed dijo adi\u00f3s a la halterofilia, Yuderqui Contreras, la m\u00e1s excelsa de las pesas femenina, quien luego de 16 a\u00f1os decide bajarse de la plataforma. Si hay dudas sobre su excelsa carrera quedan respondidas con este breve detalle: Dos de [&hellip;]<\/p>\n","protected":false},"author":9,"featured_media":53594,"comment_status":"closed","ping_status":"closed","sticky":false,"template":"","format":"standard","meta":[],"categories":[3,2,60],"tags":[],"acf":[],"_links":{"self":[{"href":"https:\/\/colimdo.org\/wp-api\/wp\/v2\/posts\/53593"}],"collection":[{"href":"https:\/\/colimdo.org\/wp-api\/wp\/v2\/posts"}],"about":[{"href":"https:\/\/colimdo.org\/wp-api\/wp\/v2\/types\/post"}],"author":[{"embeddable":true,"href":"https:\/\/colimdo.org\/wp-api\/wp\/v2\/users\/9"}],"replies":[{"embeddable":true,"href":"https:\/\/colimdo.org\/wp-api\/wp\/v2\/comments?post=53593"}],"version-history":[{"count":1,"href":"https:\/\/colimdo.org\/wp-api\/wp\/v2\/posts\/53593\/revisions"}],"predecessor-version":[{"id":53595,"href":"https:\/\/colimdo.org\/wp-api\/wp\/v2\/posts\/53593\/revisions\/53595"}],"wp:featuredmedia":[{"embeddable":true,"href":"https:\/\/colimdo.org\/wp-api\/wp\/v2\/media\/53594"}],"wp:attachment":[{"href":"https:\/\/colimdo.org\/wp-api\/wp\/v2\/media?parent=53593"}],"wp:term":[{"taxonomy":"category","embeddable":true,"href":"https:\/\/colimdo.org\/wp-api\/wp\/v2\/categories?post=53593"},{"taxonomy":"post_tag","embeddable":true,"href":"https:\/\/colimdo.org\/wp-api\/wp\/v2\/tags?post=53593"}],"curies":[{"name":"wp","href":"https:\/\/api.w.org\/{rel}","templated":true}]}}