{"id":53597,"date":"2019-05-17T12:31:07","date_gmt":"2019-05-17T12:31:07","guid":{"rendered":"https:\/\/colimdo.org\/?p=53597"},"modified":"2019-05-17T14:33:19","modified_gmt":"2019-05-17T14:33:19","slug":"andy-murray-fue-nombrado-caballero-principe-carlos","status":"publish","type":"post","link":"https:\/\/colimdo.org\/noticias\/andy-murray-fue-nombrado-caballero-principe-carlos\/","title":{"rendered":"Andy Murray fue nombrado caballero por pr\u00edncipe Carlos"},"content":{"rendered":"<p>LONDRES (AP) \u2014 Andy Murray, dos veces campe\u00f3n de Wimbledon, fue nombrado caballero por el pr\u00edncipe Carlos el jueves, m\u00e1s de dos a\u00f1os despu\u00e9s de que recibi\u00f3 el honor por parte de la reina Isabel II.<\/p>\n<p>La ceremonia se realiz\u00f3 en el Palacio de Buckingham, en reconocimiento a la contribuci\u00f3n de Murray al tenis y a obras caritativas.<\/p>\n<p>El nombramiento fue anunciado en la lista de Honores del A\u00f1o Nuevo de 2016 elaborada por la reina. En 2015, Murray hab\u00eda ganado su segundo t\u00edtulo de Wimbledon, revalid\u00f3 su oro ol\u00edmpico en individuales y finaliz\u00f3 la temporada en la cima del ranking.<\/p>\n<p>Quienes reciben el nombramiento pueden elegir cu\u00e1ndo se realiza la ceremonia. La demora en este caso se debi\u00f3 a la ardua actividad de Murray y al efecto que la ceremonia podr\u00eda tener sobre un problema que padece en la cadera y que ha amenazado con poner fin a su carrera.<\/p>\n<p>En enero, durante el Abierto de Australia, Murray llor\u00f3 al anunciar que prev\u00e9 retirarse tras participar este a\u00f1o en Wimbledon, debido a que no soporta el dolor en la cadera.<\/p>\n<p>El brit\u00e1nico, quien cumpli\u00f3 32 a\u00f1os el mi\u00e9rcoles, se ha sometido a una cirug\u00eda, y se desconoce si podr\u00e1 participar en la edici\u00f3n de este a\u00f1o en Wimbledon.<\/p>\n<p>Tras la ceremonia del jueves, Murray emiti\u00f3 un comunicado.<\/p>\n<p>\u201cEstoy muy orgulloso de recibir esto\u201d, manifest\u00f3. \u201cEs un buen d\u00eda para pasar con mi familia _mi esposa y padres est\u00e1n aqu\u00ed. Me habr\u00eda gustado traer a mis hijos, pero pienso que son un poco peque\u00f1os. Les mostrar\u00e9 la medalla cuando vuelva a casa\u201d.<\/p>\n<p>Murray y su esposa Kim son padres de Sophia Olivia de 3 a\u00f1os y Edie de 18 meses.<\/p>\n<p>El escoc\u00e9s gan\u00f3 su primer campeonato de Wimbledon en 2013. Ello cort\u00f3 un periodo de 77 a\u00f1os sin que los tenistas brit\u00e1nicos se coronaran en individuales de hombres dentro del \u00fanico torneo de Grand Slam que se disputa en canchas de c\u00e9sped.<\/p>\n","protected":false},"excerpt":{"rendered":"<p>LONDRES (AP) \u2014 Andy Murray, dos veces campe\u00f3n de Wimbledon, fue nombrado caballero por el pr\u00edncipe Carlos el jueves, m\u00e1s de dos a\u00f1os despu\u00e9s de que recibi\u00f3 el honor por parte de la reina Isabel II. La ceremonia se realiz\u00f3 en el Palacio de Buckingham, en reconocimiento a la contribuci\u00f3n de Murray al tenis y [&hellip;]<\/p>\n","protected":false},"author":9,"featured_media":53598,"comment_status":"closed","ping_status":"closed","sticky":false,"template":"","format":"standard","meta":[],"categories":[2,60],"tags":[],"acf":[],"_links":{"self":[{"href":"https:\/\/colimdo.org\/wp-api\/wp\/v2\/posts\/53597"}],"collection":[{"href":"https:\/\/colimdo.org\/wp-api\/wp\/v2\/posts"}],"about":[{"href":"https:\/\/colimdo.org\/wp-api\/wp\/v2\/types\/post"}],"author":[{"embeddable":true,"href":"https:\/\/colimdo.org\/wp-api\/wp\/v2\/users\/9"}],"replies":[{"embeddable":true,"href":"https:\/\/colimdo.org\/wp-api\/wp\/v2\/comments?post=53597"}],"version-history":[{"count":1,"href":"https:\/\/colimdo.org\/wp-api\/wp\/v2\/posts\/53597\/revisions"}],"predecessor-version":[{"id":53599,"href":"https:\/\/colimdo.org\/wp-api\/wp\/v2\/posts\/53597\/revisions\/53599"}],"wp:featuredmedia":[{"embeddable":true,"href":"https:\/\/colimdo.org\/wp-api\/wp\/v2\/media\/53598"}],"wp:attachment":[{"href":"https:\/\/colimdo.org\/wp-api\/wp\/v2\/media?parent=53597"}],"wp:term":[{"taxonomy":"category","embeddable":true,"href":"https:\/\/colimdo.org\/wp-api\/wp\/v2\/categories?post=53597"},{"taxonomy":"post_tag","embeddable":true,"href":"https:\/\/colimdo.org\/wp-api\/wp\/v2\/tags?post=53597"}],"curies":[{"name":"wp","href":"https:\/\/api.w.org\/{rel}","templated":true}]}}