{"id":53600,"date":"2019-05-17T14:56:38","date_gmt":"2019-05-17T14:56:38","guid":{"rendered":"https:\/\/colimdo.org\/?p=53600"},"modified":"2019-05-17T14:41:04","modified_gmt":"2019-05-17T14:41:04","slug":"ivan-ruiz-presidira-comision-baloncesto-superior-del-club-san-carlos","status":"publish","type":"post","link":"https:\/\/colimdo.org\/noticias\/ivan-ruiz-presidira-comision-baloncesto-superior-del-club-san-carlos\/","title":{"rendered":"Iv\u00e1n Ruiz presidir\u00e1 Comisi\u00f3n Baloncesto Superior del Club San Carlos"},"content":{"rendered":"<p>El productor y conductor de televisi\u00f3n, Iv\u00e1n Ruiz, ser\u00e1 el presidente de la Comisi\u00f3n de Baloncesto Superior del Club San Carlos, entidad deportiva que se prepara para participar en el Torneo Superior del Distrito Nacional (TBS Distrito) que inicia el pr\u00f3ximo 5 de junio, con dedicatoria al empresario Jos\u00e9 Luis Corripio (Pep\u00edn Corripio).<\/p>\n<p>Ruiz, productor del programa \u201cEl Show del Mediod\u00eda\u201d agradeci\u00f3 la designaci\u00f3n y de inmediato visti\u00f3 por encima de la camisa una chaqueta deportiva del emblem\u00e1tico club deportivo y cultural ubicado en el sector del mimo nombre.<\/p>\n<p>Ruiz jug\u00f3 en varias categor\u00edas menores en el Club San Carlos y recuerda de manera especial sus a\u00f1os practicando en la cancha de la Escuela Rep\u00fablica de Chile.<\/p>\n<p>\u201cEstoy muy agradecido por la distinci\u00f3n que representa el hecho de encabezar la Comisi\u00f3n de Baloncesto Superior del Club que me permiti\u00f3 iniciar mi carrera deportiva en el baloncesto, disciplina que me apasiona y que sigo fielmente\u201d, dijo Ruiz.<\/p>\n<p>Dijo que junto a los dem\u00e1s integrantes de dicha Comisi\u00f3n pondr\u00e1 manos a la obra para estructurar un equipo competitivo, que represente con gallard\u00eda la barriada sancarle\u00f1a. La Comisi\u00f3n de Baloncesto del Club San Carlos la integran, adem\u00e1s, Johnny Peguero, presidente del Club; Agust\u00edn Espinosa, gerente; Evaristo P\u00e9rez, asesor; el padre Wilfredo Monta\u00f1o, representante de la comunidad; la doctora Arelis Germ\u00e1n, y Diego Pesqueira.<\/p>\n<p>Mientras observaba la camisita del Club San Carlos, con el n\u00famero 9, entregada por Peguero, presidente del Club San Carlos, record\u00f3 sus a\u00f1os de atleta bajo la tutela del profesor Sergio Abreu. De igual manera nombr\u00f3 por sus nombres y apodos a otros entrenadores y compa\u00f1eros de equipo mini b\u00e1squet e infantil.<\/p>\n","protected":false},"excerpt":{"rendered":"<p>El productor y conductor de televisi\u00f3n, Iv\u00e1n Ruiz, ser\u00e1 el presidente de la Comisi\u00f3n de Baloncesto Superior del Club San Carlos, entidad deportiva que se prepara para participar en el Torneo Superior del Distrito Nacional (TBS Distrito) que inicia el pr\u00f3ximo 5 de junio, con dedicatoria al empresario Jos\u00e9 Luis Corripio (Pep\u00edn Corripio). Ruiz, productor [&hellip;]<\/p>\n","protected":false},"author":9,"featured_media":53601,"comment_status":"closed","ping_status":"closed","sticky":false,"template":"","format":"standard","meta":[],"categories":[2,60],"tags":[],"acf":[],"_links":{"self":[{"href":"https:\/\/colimdo.org\/wp-api\/wp\/v2\/posts\/53600"}],"collection":[{"href":"https:\/\/colimdo.org\/wp-api\/wp\/v2\/posts"}],"about":[{"href":"https:\/\/colimdo.org\/wp-api\/wp\/v2\/types\/post"}],"author":[{"embeddable":true,"href":"https:\/\/colimdo.org\/wp-api\/wp\/v2\/users\/9"}],"replies":[{"embeddable":true,"href":"https:\/\/colimdo.org\/wp-api\/wp\/v2\/comments?post=53600"}],"version-history":[{"count":1,"href":"https:\/\/colimdo.org\/wp-api\/wp\/v2\/posts\/53600\/revisions"}],"predecessor-version":[{"id":53602,"href":"https:\/\/colimdo.org\/wp-api\/wp\/v2\/posts\/53600\/revisions\/53602"}],"wp:featuredmedia":[{"embeddable":true,"href":"https:\/\/colimdo.org\/wp-api\/wp\/v2\/media\/53601"}],"wp:attachment":[{"href":"https:\/\/colimdo.org\/wp-api\/wp\/v2\/media?parent=53600"}],"wp:term":[{"taxonomy":"category","embeddable":true,"href":"https:\/\/colimdo.org\/wp-api\/wp\/v2\/categories?post=53600"},{"taxonomy":"post_tag","embeddable":true,"href":"https:\/\/colimdo.org\/wp-api\/wp\/v2\/tags?post=53600"}],"curies":[{"name":"wp","href":"https:\/\/api.w.org\/{rel}","templated":true}]}}