{"id":53606,"date":"2019-05-17T14:05:00","date_gmt":"2019-05-17T14:05:00","guid":{"rendered":"https:\/\/colimdo.org\/?p=53606"},"modified":"2019-05-17T15:26:23","modified_gmt":"2019-05-17T15:26:23","slug":"federer-osaka-se-apartan-roma-lesiones","status":"publish","type":"post","link":"https:\/\/colimdo.org\/noticias\/federer-osaka-se-apartan-roma-lesiones\/","title":{"rendered":"Federer y Osaka se apartan de Roma por lesiones"},"content":{"rendered":"<p>ROMA (AP) \u2014 Roger Federer y Naomi Osaka se retiraron antes de sus partidos de cuartos de final del Abierto de Italia debido a lesiones.<\/p>\n<p>Federer justific\u00f3 su baja por un problema en la pierna derecho previo al duelo contra Stefanos Tsitsipas. Osaka, la actual n\u00famero uno del ranking femenino, dijo que una lesi\u00f3n en la mano derecha le imped\u00eda jugar ante Kiki Bertens.<\/p>\n<p>Tanto Federer como Osaka ganaron dos partidos el jueves, cuando el torneo en superficie de arcilla tuvo que recargar su programaci\u00f3n debido a que no se pudo el mi\u00e9rcoles por la lluvia.<\/p>\n<p>Aunque la japonesa Osaka solvent\u00f3 sus dos compromisos en sets corridos, Federer debi\u00f3 exigirse m\u00e1s de dos horas y media para doblegar al croata Borna Coric en su segundo turno en pista.<\/p>\n<p>\u201cEstoy decepcionado de no poder competir hoy\u201d, dijo el suizo de 37 a\u00f1os. \u201cNo me encuentro al 100% f\u00edsicamente y, tras consultarlo con mi equipo, determinamos que lo mejor era no jugar hoy. Roma ha sido siempre una de mis ciudades favoritas para visitar y espero poder volver el a\u00f1o pr\u00f3ximo\u201d.<\/p>\n<p>Se trata de apenas la cuarta ocasi\u00f3n en la carrera de Federer que pierde por un retiro, inform\u00f3 la Gira de la ATP, resaltando que el campe\u00f3n de 20 torneos de Grand Slam nunca se ha retirado en 1.465 partidos.<\/p>\n<p>Federer no hab\u00eda contemplado jugar en Roma, pero modific\u00f3 su agenda la semana pasada al se\u00f1alar que necesitaba m\u00e1s rodaje previo al Abierto de Francia, que arranca dentro de nueve d\u00edas.<\/p>\n<p>Tsitsipas y Bertens avanzaron a las semifinales.<\/p>\n<p>Osaka no pudo precisar de inmediato la gravedad de su lesi\u00f3n, o si afectar\u00e1 su participaci\u00f3n en Roland Garros. A\u00fan no ha visto a un doctor, pero levant\u00f3 la mano frente a los reporteros y se pudo apreciar que estaba inflamada.<\/p>\n<p>\u201cMe levant\u00e9 esta ma\u00f1ana y no pod\u00eda mover mi pulgar\u201d, dijo Osaka, campeona de los dos \u00faltimos cert\u00e1menes de Grand Slam. \u201cTrat\u00e9 de entrenar y sujetar mi raqueta, pero no pude y segu\u00eda sintiendo dolor cuando trataba de mover mi mano en diversas direcciones\u201d.<\/p>\n<p>Las victoria de Osaka el jueves le asegur\u00f3 permanecer como n\u00famero uno del ranking rumbo al Abierto de Francia.<\/p>\n","protected":false},"excerpt":{"rendered":"<p>ROMA (AP) \u2014 Roger Federer y Naomi Osaka se retiraron antes de sus partidos de cuartos de final del Abierto de Italia debido a lesiones. Federer justific\u00f3 su baja por un problema en la pierna derecho previo al duelo contra Stefanos Tsitsipas. Osaka, la actual n\u00famero uno del ranking femenino, dijo que una lesi\u00f3n en [&hellip;]<\/p>\n","protected":false},"author":9,"featured_media":53607,"comment_status":"closed","ping_status":"closed","sticky":false,"template":"","format":"standard","meta":[],"categories":[2,60],"tags":[],"acf":[],"_links":{"self":[{"href":"https:\/\/colimdo.org\/wp-api\/wp\/v2\/posts\/53606"}],"collection":[{"href":"https:\/\/colimdo.org\/wp-api\/wp\/v2\/posts"}],"about":[{"href":"https:\/\/colimdo.org\/wp-api\/wp\/v2\/types\/post"}],"author":[{"embeddable":true,"href":"https:\/\/colimdo.org\/wp-api\/wp\/v2\/users\/9"}],"replies":[{"embeddable":true,"href":"https:\/\/colimdo.org\/wp-api\/wp\/v2\/comments?post=53606"}],"version-history":[{"count":1,"href":"https:\/\/colimdo.org\/wp-api\/wp\/v2\/posts\/53606\/revisions"}],"predecessor-version":[{"id":53608,"href":"https:\/\/colimdo.org\/wp-api\/wp\/v2\/posts\/53606\/revisions\/53608"}],"wp:featuredmedia":[{"embeddable":true,"href":"https:\/\/colimdo.org\/wp-api\/wp\/v2\/media\/53607"}],"wp:attachment":[{"href":"https:\/\/colimdo.org\/wp-api\/wp\/v2\/media?parent=53606"}],"wp:term":[{"taxonomy":"category","embeddable":true,"href":"https:\/\/colimdo.org\/wp-api\/wp\/v2\/categories?post=53606"},{"taxonomy":"post_tag","embeddable":true,"href":"https:\/\/colimdo.org\/wp-api\/wp\/v2\/tags?post=53606"}],"curies":[{"name":"wp","href":"https:\/\/api.w.org\/{rel}","templated":true}]}}