{"id":53612,"date":"2019-05-17T17:00:14","date_gmt":"2019-05-17T17:00:14","guid":{"rendered":"https:\/\/colimdo.org\/?p=53612"},"modified":"2019-05-17T16:54:14","modified_gmt":"2019-05-17T16:54:14","slug":"neymar-plantel-brasil-la-copa-america","status":"publish","type":"post","link":"https:\/\/colimdo.org\/noticias\/neymar-plantel-brasil-la-copa-america\/","title":{"rendered":"Neymar en plantel de Brasil para la Copa Am\u00e9rica"},"content":{"rendered":"<div class=\"headline\" data-key=\"card-headline\"><\/div>\n<div class=\"signature\">R\u00cdO DE JANEIRO (AP) \u2014 Neymar y David Neres van a la Copa Am\u00e9rica. Lucas Moura y Vinicius Junior quedaron fuera.El t\u00e9cnico de Brasil Tite anunci\u00f3 el viernes el plantel del seleccionado anfitri\u00f3n del torneo continental, que pondr\u00e1n en marcha el 14 de junio al medirse contra Bolivia en Sao Paulo.<\/p>\n<p>Como se esperaba, Neymar fue convocado pese una reciente lesi\u00f3n en el pie derecho y la suspensi\u00f3n en la liga francesa por un altercado con un aficionado.<\/p>\n<p>Tite se\u00f1al\u00f3 que el astro del Paris Saint-Germain cometi\u00f3 un error en el incidente con el hincha tras la derrota del club en la final de la Copa de Francia. El t\u00e9cnico indic\u00f3 que tendr\u00e1 una reuni\u00f3n privada con el atacante de 27 a\u00f1os cuando se encuentren la pr\u00f3xima vez.<\/p>\n<p>Pero Tite declin\u00f3 confirmar si Neymar seguir\u00e1 como el capit\u00e1n del equipo durante el torneo.<\/p>\n<p>\u201cEntiendo sus preguntas, pero hablar\u00e9 primero con Neymar. No ser\u00e1 por tel\u00e9fono, en persona. Y no voy a hablar sobre esto ahora mismo, porque voy a conversar con Neymar antes de hacerlo con ustedes\u201d, declar\u00f3 el entrenador en una rueda de prensa en la sede de la Confederaci\u00f3n Brasile\u00f1a de f\u00fatbol.<\/p>\n<p>Los jugadores de Brasil empezar\u00e1n a reunirse en el complejo de Granja Comary, en las afueras de R\u00edo de Janeiro, a partir del mi\u00e9rcoles.<\/p>\n<p>Neres fue una de las figuras destacadas en la gran temporada del flamante campe\u00f3n holand\u00e9s Ajax. El delantero de 22 a\u00f1os anot\u00f3 en 27 partidos en la Eredivisie. Tambi\u00e9n fue vital en la sorpresiva marcha a las semifinales de la Liga de Campeones.<\/p>\n<p>En marzo, Neres fue convocado por primera vez a la selecci\u00f3n para disputar un par de partidos. Las puertas se le abrieron cuando el extremo Vinicius Junior sufri\u00f3 una lesi\u00f3n y no ha sido hasta poco que volvi\u00f3 a jugar con el Real Madrid.<\/p>\n<p>El nombre de Lucas Moura son\u00f3 en las \u00faltimas semanas tras sus prestaciones con Tottenham, incluyendo una tripleta en el partido de vuelta para eliminar a Ajax en las semifinales de la Champions y meter al club ingl\u00e9s por primera vez en la final del torneo europeo.<\/p>\n<p>La selecci\u00f3n tiene previsto disputar dos partidos previo a la Copa Am\u00e9rica: contra Qatar el 5 de junio en Brasilia y ante Honduras, cuatro d\u00edas despu\u00e9s en Porto Alegre. Pondr\u00e1n en marcha el certamen midi\u00e9ndose contra Bolivia y tambi\u00e9n enfrentar\u00e1n a Venezuela y Per\u00fa en el Grupo A.<\/p>\n<p>Brasil fue eliminada en los cuartos de final del Mundial de Rusia el a\u00f1o pasado, al sucumbir ante B\u00e9lgica. Uno de los jugadores m\u00e1s criticados de ese plantel, el volante Fernandinho, fue incluido en la lista para la Copa Am\u00e9rica.<\/p>\n<p>La \u00faltima vez que la Verdeamarela gan\u00f3 el cetro continental fue en la edici\u00f3n que se jug\u00f3 en Venezuela en 2007.<\/p>\n<\/div>\n","protected":false},"excerpt":{"rendered":"<p>R\u00cdO DE JANEIRO (AP) \u2014 Neymar y David Neres van a la Copa Am\u00e9rica. Lucas Moura y Vinicius Junior quedaron fuera.El t\u00e9cnico de Brasil Tite anunci\u00f3 el viernes el plantel del seleccionado anfitri\u00f3n del torneo continental, que pondr\u00e1n en marcha el 14 de junio al medirse contra Bolivia en Sao Paulo. Como se esperaba, Neymar [&hellip;]<\/p>\n","protected":false},"author":9,"featured_media":53613,"comment_status":"closed","ping_status":"closed","sticky":false,"template":"","format":"standard","meta":[],"categories":[2,60],"tags":[],"acf":[],"_links":{"self":[{"href":"https:\/\/colimdo.org\/wp-api\/wp\/v2\/posts\/53612"}],"collection":[{"href":"https:\/\/colimdo.org\/wp-api\/wp\/v2\/posts"}],"about":[{"href":"https:\/\/colimdo.org\/wp-api\/wp\/v2\/types\/post"}],"author":[{"embeddable":true,"href":"https:\/\/colimdo.org\/wp-api\/wp\/v2\/users\/9"}],"replies":[{"embeddable":true,"href":"https:\/\/colimdo.org\/wp-api\/wp\/v2\/comments?post=53612"}],"version-history":[{"count":1,"href":"https:\/\/colimdo.org\/wp-api\/wp\/v2\/posts\/53612\/revisions"}],"predecessor-version":[{"id":53614,"href":"https:\/\/colimdo.org\/wp-api\/wp\/v2\/posts\/53612\/revisions\/53614"}],"wp:featuredmedia":[{"embeddable":true,"href":"https:\/\/colimdo.org\/wp-api\/wp\/v2\/media\/53613"}],"wp:attachment":[{"href":"https:\/\/colimdo.org\/wp-api\/wp\/v2\/media?parent=53612"}],"wp:term":[{"taxonomy":"category","embeddable":true,"href":"https:\/\/colimdo.org\/wp-api\/wp\/v2\/categories?post=53612"},{"taxonomy":"post_tag","embeddable":true,"href":"https:\/\/colimdo.org\/wp-api\/wp\/v2\/tags?post=53612"}],"curies":[{"name":"wp","href":"https:\/\/api.w.org\/{rel}","templated":true}]}}