{"id":53615,"date":"2019-05-17T17:24:21","date_gmt":"2019-05-17T17:24:21","guid":{"rendered":"https:\/\/colimdo.org\/?p=53615"},"modified":"2019-05-17T16:55:56","modified_gmt":"2019-05-17T16:55:56","slug":"bilbao-se-lleva-la-septima-etapa-del-giro-italia","status":"publish","type":"post","link":"https:\/\/colimdo.org\/noticias\/bilbao-se-lleva-la-septima-etapa-del-giro-italia\/","title":{"rendered":"Bilbao se lleva la s\u00e9ptima etapa del Giro de Italia"},"content":{"rendered":"<p>L\u2019AQUILA, Italia (AP) \u2014 El espa\u00f1ol Pello Bilbao gan\u00f3 el viernes la s\u00e9ptima etapa del Giro de Italia tras completar a la perfecci\u00f3n una escapada en el tramo final. No hubo cambios en la clasificaci\u00f3n general: el italiano Valero Conti retuvo la casaca rosada de l\u00edder.<\/p>\n<p>Bilbao, del equipo Astana, fue parte de un grupo de fuga que se desprendi\u00f3 al inicio del recorrido de 185 kil\u00f3metros entre Vasto y L\u2019Aquila.<\/p>\n<p>M\u00e1s astuto que sus rivales para el asalto final, Bilbao esper\u00f3 hasta lo \u00faltimo para despegarse en la llegada y as\u00ed conseguir su primera victoria de etapa en un Giro, d\u00e1ndose el gusto de levantar el pu\u00f1o al cruzar la meta.<\/p>\n<p>El franc\u00e9s Tony Gallopin (AG2R-La Mondiale) entr\u00f3 segundo y el italiano Davide Formolo (Bora-hansgrohe) qued\u00f3 tercero, ambos con un retraso de cinco segundos.<\/p>\n<p>Tras sumarse a la fuga, el espa\u00f1ol Jos\u00e9 Rojas (Movistar) ascendi\u00f3 al segundo puesto general, 1:32 detr\u00e1s de Conti (UAE Emirates), quien se apoder\u00f3 del liderato el d\u00eda previo. El italiano Giovanni Carboni (Bardiani) marcha tercero, 1:41 detr\u00e1s.<\/p>\n<p>El costarricense Andrey Amador (Movistar) es el latinoamericano mejor ubicado en la general, noveno y a 3:27 de la punta.<\/p>\n<p>La nota negativa correspondi\u00f3 al colombiano Fernando Gaviria. El compa\u00f1ero de equipo de Conti y ganador de la tercera etapa abandon\u00f3 el Giro por un dolor en la rodilla izquierda. Su baja deja a Conti con s\u00f3lo cinco escuderos para proteger su ventaja.<\/p>\n<p>El recorrido rindi\u00f3 homenaje a L\u2019Aquila, una d\u00e9cada despu\u00e9s que un terremoto la localidad en la regi\u00f3n de Abruzzo.<\/p>\n<p>La octava etapa el s\u00e1bado ser\u00e1 la m\u00e1s larga de las tres semanas de la ronda italiana: una distancia de 239 kil\u00f3metros entre Tortoreto Lido y Pesaro. Los primeros 140 kil\u00f3metros cubrir\u00e1n una ruta llana, pero la segunda mitad incluir\u00e1 ascenso.<\/p>\n<p>El Giro culminar\u00e1 el 2 de junio en Verona.<\/p>\n","protected":false},"excerpt":{"rendered":"<p>L\u2019AQUILA, Italia (AP) \u2014 El espa\u00f1ol Pello Bilbao gan\u00f3 el viernes la s\u00e9ptima etapa del Giro de Italia tras completar a la perfecci\u00f3n una escapada en el tramo final. No hubo cambios en la clasificaci\u00f3n general: el italiano Valero Conti retuvo la casaca rosada de l\u00edder. Bilbao, del equipo Astana, fue parte de un grupo [&hellip;]<\/p>\n","protected":false},"author":9,"featured_media":53616,"comment_status":"closed","ping_status":"closed","sticky":false,"template":"","format":"standard","meta":[],"categories":[2,60],"tags":[],"acf":[],"_links":{"self":[{"href":"https:\/\/colimdo.org\/wp-api\/wp\/v2\/posts\/53615"}],"collection":[{"href":"https:\/\/colimdo.org\/wp-api\/wp\/v2\/posts"}],"about":[{"href":"https:\/\/colimdo.org\/wp-api\/wp\/v2\/types\/post"}],"author":[{"embeddable":true,"href":"https:\/\/colimdo.org\/wp-api\/wp\/v2\/users\/9"}],"replies":[{"embeddable":true,"href":"https:\/\/colimdo.org\/wp-api\/wp\/v2\/comments?post=53615"}],"version-history":[{"count":1,"href":"https:\/\/colimdo.org\/wp-api\/wp\/v2\/posts\/53615\/revisions"}],"predecessor-version":[{"id":53617,"href":"https:\/\/colimdo.org\/wp-api\/wp\/v2\/posts\/53615\/revisions\/53617"}],"wp:featuredmedia":[{"embeddable":true,"href":"https:\/\/colimdo.org\/wp-api\/wp\/v2\/media\/53616"}],"wp:attachment":[{"href":"https:\/\/colimdo.org\/wp-api\/wp\/v2\/media?parent=53615"}],"wp:term":[{"taxonomy":"category","embeddable":true,"href":"https:\/\/colimdo.org\/wp-api\/wp\/v2\/categories?post=53615"},{"taxonomy":"post_tag","embeddable":true,"href":"https:\/\/colimdo.org\/wp-api\/wp\/v2\/tags?post=53615"}],"curies":[{"name":"wp","href":"https:\/\/api.w.org\/{rel}","templated":true}]}}