{"id":53628,"date":"2019-05-17T23:50:08","date_gmt":"2019-05-17T23:50:08","guid":{"rendered":"https:\/\/colimdo.org\/?p=53628"},"modified":"2019-05-17T23:50:08","modified_gmt":"2019-05-17T23:50:08","slug":"inauguran-torneo-boxeo-novatos-cesar-medina","status":"publish","type":"post","link":"https:\/\/colimdo.org\/noticias\/inauguran-torneo-boxeo-novatos-cesar-medina\/","title":{"rendered":"Inauguran Torneo de Boxeo para Novatos C\u00e9sar Medina"},"content":{"rendered":"<p class=\"x_ydpfa663933MsoNormal\">SANTO DOMINGO.- Con la participaci\u00f3n de m\u00e1s de 200 atletas fue inaugurado este viernes el Torneo de Boxeo para Novatos C\u00e9sar Medina del Distrito Nacional, con especial dedicatoria al general retirado Marcelino Mateo Almonte.<\/p>\n<p class=\"x_ydpfa663933MsoNormal\">La ceremonia de inauguraci\u00f3n del evento tuvo lugar a las 5:00 de la tarde en el coliseo de boxeo Carlos \u2013Teo- Cruz, donde estuvieron presente el \u00a0general retirado Marcelino Mateo Almonte, quien estuvo acompa\u00f1ado en la mesa de honor por Luis Mej\u00eda Oviedo, presidente del Comit\u00e9 Ol\u00edmpico Dominicano (COD), por el coronel Kalil Hach\u00e9, presidente del Circulo Deportivo de las Fuerzas Armadas\u00a0 y la Polic\u00eda Nacional, por Juan Vargas, presidente de la Federaci\u00f3n Dominicana de Boxeo, por Luciano Ram\u00edrez, quien\u00a0 estuvo en representaci\u00f3n del Ministro de Deportes, adem\u00e1s de Taina Medina, hija del fenecido periodista C\u00e9sar Medina, quien estuvo acompa\u00f1ada de su hijo, Pedro Brea, entre otras personalidades.<\/p>\n<p class=\"x_ydpfa663933MsoNormal\">El periodista H\u00e9ctor Garc\u00eda, presidente de la Asociaci\u00f3n de Boxeo del Distrito Nacional y que organiza el torneo destac\u00f3 las cualidades y el aporte del general retirado Mateo Almonte en favor del deporte, as\u00ed como tambi\u00e9n el amor mostrado en vida por Medina al boxeo, quien sirvi\u00f3 como soporte a este deporte.<\/p>\n<p class=\"x_ydpfa663933MsoNormal\">\u201cPor sus dotes personales este torneo llevar\u00e1 por siempre el nombre de C\u00e9sar Medina\u201d, expres\u00f3 Garc\u00eda.<\/p>\n<p class=\"x_ydpfa663933MsoNormal\">Marcelino Mateo agradece dedicatoria<\/p>\n<p class=\"x_ydpfa663933MsoNormal\">El general retirado Marcelino Mateo Almonte, quien estuvo acompa\u00f1ado de su esposa Bienvenida Moquete, de sus hijos\u00a0 el general de la Polic\u00eda Nacional, Remy Mateo Moquete, el tambi\u00e9n general de la Polic\u00eda Nacional, Jacobo Mateo Moquete y por sus hijas, la Lic. Julia Mateo Moquete y la Dra, Mar\u00eda Mateo Moquete, dijo sentirse agradecido por esta dedicatoria y alab\u00f3 el trabajo que realizan la federaci\u00f3n, las asociaciones y los clubes por mantener la vigencia de este deporte.<\/p>\n<p class=\"x_ydpfa663933MsoNormal\">\u201cMe alegra mucho ver como ustedes hacen el esfuerzo para que el boxeo eche hacia delante\u201d, expres\u00f3 el general Mateo Almonte, quien recibi\u00f3 una placa de reconocimiento de manos del presidente COD, Luis Mej\u00eda Oviedo, del presidente del Circulo Deportivo de las Fuerzas Armadas\u00a0 y la Polic\u00eda Nacional, Kalil Hach\u00e9, \u00a0por Juan Vargas, presidente de la Federaci\u00f3n Dominicana de Boxeo y por el medallista de oro ol\u00edmpico, F\u00e9lix D\u00edaz.<\/p>\n<p class=\"x_ydpfa663933MsoNormal\">En la ceremonia tambi\u00e9n fueron reconocidos, Taina Medina, quien en compa\u00f1\u00eda de su hijo Pedro Brea, recibieron una placa de reconocimiento en nombre de su padre y abuelo el periodista C\u00e9sar Medina; como tambi\u00e9n fue reconocido el ex presidente de la Asociaci\u00f3n del \u00a0Asociaci\u00f3n de Boxeo del Distrito Nacional, el arquitecto Rafael Contreras.<\/p>\n<p class=\"x_ydpfa663933MsoNormal\">Primera jornada<\/p>\n<p class=\"x_ydpfa663933MsoNormal\">En la jornada \u00a0inaugural celebrada \u00a0este viernes en el en el coliseo de boxeo Carlos \u2013Teo- Cruz \u00a0Dayer Vizca\u00edno del Club Samuel Santana venci\u00f3 3-0 a Dawary Ram\u00edrez de Levantamiento Juvenil en las 70 libras, mientras en la misma categor\u00eda Disney Media del club Minerva Mirabal super\u00f3\u00a0 por 3-0 a\u00a0 Jeison Tejada\u00a0\u00a0 de Levantamiento Juvenil en las 70 libras<\/p>\n<p class=\"x_ydpfa663933MsoNormal\">En las 85 libras, Bryan Cruz, del club Ulises Valent\u00edn gan\u00f3 por no presentaci\u00f3n de Breily De la Cruz del Billy Thompson en las 85, misma situaci\u00f3n por la cual se acredit\u00f3 la victoria Wilme Mendoza, del club Minerva Mirabal ante Roy De los Santos del Club Los Cachorros en los 52 kiliogramos.<\/p>\n<p class=\"x_ydpfa663933MsoNormal\">En otros combates, Daniel Heredia del club Billy Thompson se alz\u00f3 con un triunfo 3-0 ante Arbis Alc\u00e1ntara del Mar\u00eda Auxiliadora; en tanto que Fernando Piter, del Ulises Valent\u00edn, se impuso por 3-0 sobre Francis Javier Batista (Minerva Mirabal), ambas peleas en los 52 kilogramos.<\/p>\n<p class=\"x_ydpfa663933MsoNormal\">Este torneo forma parte del programa de actividades que desarrolla la Asociaci\u00f3n de Boxeo de esta capital y se estar\u00e1 desarrollando en todas las categor\u00edas de cadetes y juvenil.<\/p>\n<p class=\"x_ydpfa663933MsoNormal\">Entre los clubes que participan en el evento figuran Los Cachorros, Billy Thompson, Samuel Santana, Ram\u00f3n Paula, Ulises Valent\u00edn y Villa Francisca.<\/p>\n<p class=\"x_ydpfa663933MsoNormal\">Tambi\u00e9n estar\u00e1n p\u00fagiles de San Carlos, XII Juegos, Los Cachorros, Capit\u00e1n Pe\u00f1a, Sim\u00f3n Bol\u00edvar, Jos\u00e9 Nicol\u00e1s Casimiro, Jos\u00e9 G\u00f3mez D\u00edaz y Mar\u00eda Auxiliadora.<\/p>\n<p class=\"x_ydpfa663933MsoNormal\">De este torneo se escoger\u00e1n los mejores talentos para representar a la Asociaci\u00f3n del Distrito Nacional en los eventos de car\u00e1cter regional y nacional.<\/p>\n","protected":false},"excerpt":{"rendered":"<p>El evento es dedicado al\u00a0general retirado Marcelino Mateo Almonte.<\/p>\n","protected":false},"author":16,"featured_media":53629,"comment_status":"closed","ping_status":"closed","sticky":false,"template":"","format":"standard","meta":[],"categories":[2,60],"tags":[],"acf":[],"_links":{"self":[{"href":"https:\/\/colimdo.org\/wp-api\/wp\/v2\/posts\/53628"}],"collection":[{"href":"https:\/\/colimdo.org\/wp-api\/wp\/v2\/posts"}],"about":[{"href":"https:\/\/colimdo.org\/wp-api\/wp\/v2\/types\/post"}],"author":[{"embeddable":true,"href":"https:\/\/colimdo.org\/wp-api\/wp\/v2\/users\/16"}],"replies":[{"embeddable":true,"href":"https:\/\/colimdo.org\/wp-api\/wp\/v2\/comments?post=53628"}],"version-history":[{"count":1,"href":"https:\/\/colimdo.org\/wp-api\/wp\/v2\/posts\/53628\/revisions"}],"predecessor-version":[{"id":53630,"href":"https:\/\/colimdo.org\/wp-api\/wp\/v2\/posts\/53628\/revisions\/53630"}],"wp:featuredmedia":[{"embeddable":true,"href":"https:\/\/colimdo.org\/wp-api\/wp\/v2\/media\/53629"}],"wp:attachment":[{"href":"https:\/\/colimdo.org\/wp-api\/wp\/v2\/media?parent=53628"}],"wp:term":[{"taxonomy":"category","embeddable":true,"href":"https:\/\/colimdo.org\/wp-api\/wp\/v2\/categories?post=53628"},{"taxonomy":"post_tag","embeddable":true,"href":"https:\/\/colimdo.org\/wp-api\/wp\/v2\/tags?post=53628"}],"curies":[{"name":"wp","href":"https:\/\/api.w.org\/{rel}","templated":true}]}}