{"id":53676,"date":"2019-05-18T17:21:28","date_gmt":"2019-05-18T17:21:28","guid":{"rendered":"https:\/\/colimdo.org\/?p=53676"},"modified":"2019-05-18T17:21:28","modified_gmt":"2019-05-18T17:21:28","slug":"caleb-ewan-acaba-dominio-ackermann-giro-italia","status":"publish","type":"post","link":"https:\/\/colimdo.org\/noticias\/caleb-ewan-acaba-dominio-ackermann-giro-italia\/","title":{"rendered":"Caleb Ewan acaba con el dominio de Ackermann en el Giro de Italia"},"content":{"rendered":"<p class=\"canvas-atom canvas-text Mb(1.0em) Mb(0)--sm Mt(0.8em)--sm\">Redacci\u00f3n deportes, 18 may (EFE).- El australiano Caleb Ewan (Lotto Soudal) volvi\u00f3 a levantar, dos a\u00f1os despu\u00e9s, los brazos en se\u00f1al de victoria en el Giro de Italia, tras imponerse este s\u00e1bado al esprint en la octava etapa de la carrera rosa, una jornada de 239 kil\u00f3metros de recorrido entre las localidades de Tortoreto Lido y Pesaro<\/p>\n<p class=\"canvas-atom canvas-text Mb(1.0em) Mb(0)--sm Mt(0.8em)--sm\">Una imponente kilometrada que hac\u00eda presagiar desde el principio un desenlace al esprint, ante el car\u00e1cter eminentemente plano de un trazado tan s\u00f3lo salpimentado por alg\u00fan que otra subida de cuarta categor\u00eda en los \u00faltimos cien kil\u00f3metros.<\/p>\n<p class=\"canvas-atom canvas-text Mb(1.0em) Mb(0)--sm Mt(0.8em)--sm\">Puertos como el Monte della Matterra, el Monteluro o el Gabicce Monte que desaconsejaban cualquier intento de aventura, ante la facilidad de los equipos de los velocistas para controlar la prueba,<\/p>\n<p class=\"canvas-atom canvas-text Mb(1.0em) Mb(0)--sm Mt(0.8em)--sm\">Sin embargo, siempre hay alg\u00fan valiente dispuesto a romper el gui\u00f3n, en este caso los italianos Marco Frapporti (Androni Giocattoli) y Damiano Cima (Nippo-Vini), que antes de cumplirse el kil\u00f3metro diez de carrera ya hab\u00edan abandonado la disciplina del grupo.<\/p>\n<p class=\"canvas-atom canvas-text Mb(1.0em) Mb(0)--sm Mt(0.8em)--sm\">Una fuga, que pese a llegar a disponer de una m\u00e1xima ventaja de casi seis minutos, naci\u00f3 ya condenada al fracaso, como se comprob\u00f3 cuando a 40 kil\u00f3metros de la l\u00ednea de meta, un aceler\u00f3n de Giulio Ciccone (Trek-Segafredo) en busca de los puntos de la monta\u00f1a, puso fin al cuento de hadas de Frapporti y Cima.<\/p>\n<p class=\"canvas-atom canvas-text Mb(1.0em) Mb(0)--sm Mt(0.8em)--sm\">Pero si los equipos de los velocistas esperaban un pl\u00e1cido final de etapa para preparar la &#8220;volata&#8221; en la calles de Pesaro, se equivocaban.<\/p>\n<p class=\"canvas-atom canvas-text Mb(1.0em) Mb(0)--sm Mt(0.8em)--sm\">Un nuevo aceler\u00f3n, en este caso del belga Louis Vervaeke (Sunweb), en la subida al Gabicce Monte, dot\u00f3 a los kil\u00f3metros finales de la pimienta necesaria para dotar de algo de emoci\u00f3n a los kil\u00f3metros previos al m\u00e1s que previsible esprint.<\/p>\n<p class=\"canvas-atom canvas-text Mb(1.0em) Mb(0)--sm Mt(0.8em)--sm\">Y es que Vervaeke, al que r\u00e1pidamente se unieron el franc\u00e9s Francois Bidard (AG2R) y, como no, el italiano Giulio Ciccone, insaciable en su b\u00fasqueda de puntos para afianzar su jersey azul de &#8220;rey&#8221; de la monta\u00f1a, llegaron a alcanzar una ventaja de 45 segundos a 19 kil\u00f3metros para el final.<\/p>\n<p class=\"canvas-atom canvas-text Mb(1.0em) Mb(0)--sm Mt(0.8em)--sm\">Una diferencia que oblig\u00f3 a trabajar al Bora, que no quer\u00eda desaprovechar la oportunidad de que el velocista alem\u00e1n Pascal Ackermann pudiese sumar su tercer triunfo de etapa en la presente edici\u00f3n del Giro.<\/p>\n<p class=\"canvas-atom canvas-text Mb(1.0em) Mb(0)--sm Mt(0.8em)--sm\">Trabajo que acab\u00f3 por dar sus frutos a seis kil\u00f3metros para la l\u00ednea de meta, cuando el reducido pelot\u00f3n logr\u00f3 dar caza definitivamente a los tres escapados.<\/p>\n<p class=\"canvas-atom canvas-text Mb(1.0em) Mb(0)--sm Mt(0.8em)--sm\">La se\u00f1al que pareci\u00f3 estar esperando el Deceuninck del esprinter italiano Elia Viviani, que ya no dej\u00f3 de trabajar en la cabeza del pelot\u00f3n hasta el inicio de la &#8220;volata&#8221;.<\/p>\n<p class=\"canvas-atom canvas-text Mb(1.0em) Mb(0)--sm Mt(0.8em)--sm\">El primero en atacar fue el alem\u00e1n Ackermann, pero cuando todo parec\u00eda destinado al triunfo del germano, surgi\u00f3 la figura del australiano Caleb Ewan, que con su descomunal potencia super\u00f3 c\u00f3mo y cuando quiso al corredor del Bora.<\/p>\n<p class=\"canvas-atom canvas-text Mb(1.0em) Mb(0)--sm Mt(0.8em)--sm\">De hecho, nadie pudo seguir el ritmo de Ewan, que se alz\u00f3 con el triunfo por delante de Elia Viviani, segundo, y de un Pascal Ackermann, que desfondado se vio relegado a la tercera plaza.<\/p>\n<p class=\"canvas-atom canvas-text Mb(1.0em) Mb(0)--sm Mt(0.8em)--sm\">Un resultado que no vari\u00f3 las primeras plaza de la clasificaci\u00f3n general que seguir\u00e1 liderada por el italiano Valerio Conti (UAE Team Emirates) con un minuto y medio de ventaja sobre el espa\u00f1ol Jos\u00e9 Joaqu\u00edn Rojas, segundo, en espera de la cronoescalada del domingo, que comenzar\u00e1 a desvelar el nombre de los aut\u00e9nticos favoritos al triunfo final<\/p>\n","protected":false},"excerpt":{"rendered":"<p> El australiano Caleb Ewan (Lotto Soudal) volvi\u00f3 a levantar, dos a\u00f1os despu\u00e9s, los brazos en se\u00f1al de victoria en el Giro de Italia, tras imponerse este s\u00e1bado al esprint en la octava etapa de la carrera rosa, una jornada de 239 kil\u00f3metros.<\/p>\n","protected":false},"author":16,"featured_media":53677,"comment_status":"closed","ping_status":"closed","sticky":false,"template":"","format":"standard","meta":[],"categories":[2,60],"tags":[],"acf":[],"_links":{"self":[{"href":"https:\/\/colimdo.org\/wp-api\/wp\/v2\/posts\/53676"}],"collection":[{"href":"https:\/\/colimdo.org\/wp-api\/wp\/v2\/posts"}],"about":[{"href":"https:\/\/colimdo.org\/wp-api\/wp\/v2\/types\/post"}],"author":[{"embeddable":true,"href":"https:\/\/colimdo.org\/wp-api\/wp\/v2\/users\/16"}],"replies":[{"embeddable":true,"href":"https:\/\/colimdo.org\/wp-api\/wp\/v2\/comments?post=53676"}],"version-history":[{"count":1,"href":"https:\/\/colimdo.org\/wp-api\/wp\/v2\/posts\/53676\/revisions"}],"predecessor-version":[{"id":53678,"href":"https:\/\/colimdo.org\/wp-api\/wp\/v2\/posts\/53676\/revisions\/53678"}],"wp:featuredmedia":[{"embeddable":true,"href":"https:\/\/colimdo.org\/wp-api\/wp\/v2\/media\/53677"}],"wp:attachment":[{"href":"https:\/\/colimdo.org\/wp-api\/wp\/v2\/media?parent=53676"}],"wp:term":[{"taxonomy":"category","embeddable":true,"href":"https:\/\/colimdo.org\/wp-api\/wp\/v2\/categories?post=53676"},{"taxonomy":"post_tag","embeddable":true,"href":"https:\/\/colimdo.org\/wp-api\/wp\/v2\/tags?post=53676"}],"curies":[{"name":"wp","href":"https:\/\/api.w.org\/{rel}","templated":true}]}}