{"id":53682,"date":"2019-05-18T20:23:14","date_gmt":"2019-05-18T20:23:14","guid":{"rendered":"https:\/\/colimdo.org\/?p=53682"},"modified":"2019-05-18T20:23:14","modified_gmt":"2019-05-18T20:23:14","slug":"eloy-jimenez-cerca-regresar-los-medias-blancas","status":"publish","type":"post","link":"https:\/\/colimdo.org\/noticias\/eloy-jimenez-cerca-regresar-los-medias-blancas\/","title":{"rendered":"Eloy Jim\u00e9nez cerca de regresar con los Medias Blancas"},"content":{"rendered":"<p>MLB. Hace casi tres semanas desde que el cotizado prospecto de los White Sox, Eloy Jim\u00e9nez, sufri\u00f3 un esguince en el tobillo derecho, pero el jardinero dominicano de 22 a\u00f1os estar\u00eda cerca de volver a la acci\u00f3n.<\/p>\n<p>Jim\u00e9nez ha fungido como bateador designado y jugado en el bosque izquierdo durante su asignaci\u00f3n de rehabilitaci\u00f3n con Triple-A Charlotte, donde batea .375, incluyendo un jonr\u00f3n el viernes por la noche.<\/p>\n<p>La novena del sur de Chicago espera que Jim\u00e9nez se reincorpore al equipo grande durante la serie en Houston.<\/p>\n<p>\u201cSe est\u00e1 desplazando muy bien. Le va bien\u201d, dijo el manager Rick Renter\u00eda acerca de Jim\u00e9nez. \u201cSeguir\u00e1 siendo un muchacho joven cuando regrese y lleva fuera de acci\u00f3n hace un buen rato, as\u00ed que lo pondremos en la alineaci\u00f3n y estaremos pendiente de c\u00f3mo le va. Seguramente no lo vamos a poner a jugar 20 d\u00edas consecutivos. Tenemos que seguir asegur\u00e1ndonos de que estemos haciendo todo lo posible para mantenerlo saludable\u201d.<\/p>\n","protected":false},"excerpt":{"rendered":"<p>Jim\u00e9nez ha fungido como bateador designado y jugado en el bosque izquierdo durante su asignaci\u00f3n de rehabilitaci\u00f3n con Triple-A Charlotte, donde batea .375, incluyendo un jonr\u00f3n el viernes por la noche.<\/p>\n","protected":false},"author":16,"featured_media":53683,"comment_status":"closed","ping_status":"closed","sticky":false,"template":"","format":"standard","meta":[],"categories":[2,60],"tags":[],"acf":[],"_links":{"self":[{"href":"https:\/\/colimdo.org\/wp-api\/wp\/v2\/posts\/53682"}],"collection":[{"href":"https:\/\/colimdo.org\/wp-api\/wp\/v2\/posts"}],"about":[{"href":"https:\/\/colimdo.org\/wp-api\/wp\/v2\/types\/post"}],"author":[{"embeddable":true,"href":"https:\/\/colimdo.org\/wp-api\/wp\/v2\/users\/16"}],"replies":[{"embeddable":true,"href":"https:\/\/colimdo.org\/wp-api\/wp\/v2\/comments?post=53682"}],"version-history":[{"count":1,"href":"https:\/\/colimdo.org\/wp-api\/wp\/v2\/posts\/53682\/revisions"}],"predecessor-version":[{"id":53684,"href":"https:\/\/colimdo.org\/wp-api\/wp\/v2\/posts\/53682\/revisions\/53684"}],"wp:featuredmedia":[{"embeddable":true,"href":"https:\/\/colimdo.org\/wp-api\/wp\/v2\/media\/53683"}],"wp:attachment":[{"href":"https:\/\/colimdo.org\/wp-api\/wp\/v2\/media?parent=53682"}],"wp:term":[{"taxonomy":"category","embeddable":true,"href":"https:\/\/colimdo.org\/wp-api\/wp\/v2\/categories?post=53682"},{"taxonomy":"post_tag","embeddable":true,"href":"https:\/\/colimdo.org\/wp-api\/wp\/v2\/tags?post=53682"}],"curies":[{"name":"wp","href":"https:\/\/api.w.org\/{rel}","templated":true}]}}