{"id":53736,"date":"2019-05-19T20:18:39","date_gmt":"2019-05-19T20:18:39","guid":{"rendered":"https:\/\/colimdo.org\/?p=53736"},"modified":"2019-05-19T20:19:41","modified_gmt":"2019-05-19T20:19:41","slug":"juramentan-nueva-directiva-union-deportiva-la-florida","status":"publish","type":"post","link":"https:\/\/colimdo.org\/noticias\/juramentan-nueva-directiva-union-deportiva-la-florida\/","title":{"rendered":"Juramentan nueva directiva de Uni\u00f3n Deportiva de La Florida"},"content":{"rendered":"<p class=\"x_ydpdefc6256x_ydp985d81e5MsoNormal\">SANTO DOMINGO.- Bernardo Mart\u00ednez fue juramentado este s\u00e1bado como presidente de la Uni\u00f3n Deportiva de Miami, Florida, Estados Unidos, durante un acto celebrado en el hotel Regency de esa urbe.<\/p>\n<p class=\"x_ydpdefc6256x_ydp985d81e5MsoNormal\">La juramentaci\u00f3n de Mart\u00ednez fue hecha por el licenciado Luis Mej\u00eda Oviedo, presidente del Comit\u00e9 Ol\u00edmpico Dominicano (COD).<\/p>\n<p class=\"x_ydpdefc6256x_ydp985d81e5MsoNormal\">A Mart\u00ednez le acompa\u00f1an en la directiva el inmortal del deporte dominicano Eduardo G\u00f3mez, como vicepresidente; Isidro Mad\u00e9, segundo vicepresidente; Ram\u00f3n Aybar, secretario de Organizaci\u00f3n y Disciplina; Marixa Tapia, secretaria de Finanzas; el tambi\u00e9n inmortal del deporte dominicano Hugo Cabrera, secretario de actas y correspondencias; Marcos Juli\u00e1n, secretario de Prensa y Propaganda y Alex B\u00e1ez, primer vocal.<\/p>\n<p class=\"x_ydpdefc6256x_ydp985d81e5MsoNormal\">En la directiva fue designado como asesor el se\u00f1or Rafael Paniagua.<\/p>\n<p class=\"x_ydpdefc6256x_ydp985d81e5MsoNormal\">Al hacer uso de la palabra, el se\u00f1or Mart\u00ednez prometi\u00f3 conducir la directiva por un sendero que ayude a vincular a la di\u00e1spora dominicana en esa urbe, mediante actividades diversas que ser\u00e1n desarrolladas.<\/p>\n<p class=\"x_ydpdefc6256x_ydp985d81e5MsoNormal\">Se recuerda que la delegaci\u00f3n de La Florida que tom\u00f3 parte en los pasados Juegos Deportivos Nacionales Hermanas Mirabal, fue la de mejor resultado de todas las delegaciones extranjeras que estuvieron presentes en el magno evento deportivo local.<\/p>\n<p class=\"x_ydpdefc6256x_ydp985d81e5MsoNormal\">Mej\u00eda Oviedo fue invitado a participar de esta actividad, debido\u00a0 a la importancia para el deporte dominicano en esa zona.<\/p>\n<p class=\"x_ydpdefc6256x_ydp985d81e5MsoNormal\">\u201cEstamos muy orgullosos de encontrarnos aqu\u00ed con estos hermanos dominicanos que tienen el prop\u00f3sito de hacer deporte y cultura\u201d, dijo Mej\u00eda Oviedo, que tambi\u00e9n exhort\u00f3 a los nuevos directivos de la Uni\u00f3n Deportiva de Miami, Florida, a mantenerse unidos y trabajar por el fortalecimiento del deporte para el bien de las presentes y futuras generaciones.<\/p>\n","protected":false},"excerpt":{"rendered":"<p>La juramentaci\u00f3n de la nueva directiva de la Uni\u00f3n Deportiva de Miami fue hecha por el licenciado Luis Mej\u00eda Oviedo, presidente del Comit\u00e9 Ol\u00edmpico Dominicano (COD).<\/p>\n","protected":false},"author":16,"featured_media":53737,"comment_status":"closed","ping_status":"closed","sticky":false,"template":"","format":"standard","meta":[],"categories":[2,60],"tags":[],"acf":[],"_links":{"self":[{"href":"https:\/\/colimdo.org\/wp-api\/wp\/v2\/posts\/53736"}],"collection":[{"href":"https:\/\/colimdo.org\/wp-api\/wp\/v2\/posts"}],"about":[{"href":"https:\/\/colimdo.org\/wp-api\/wp\/v2\/types\/post"}],"author":[{"embeddable":true,"href":"https:\/\/colimdo.org\/wp-api\/wp\/v2\/users\/16"}],"replies":[{"embeddable":true,"href":"https:\/\/colimdo.org\/wp-api\/wp\/v2\/comments?post=53736"}],"version-history":[{"count":1,"href":"https:\/\/colimdo.org\/wp-api\/wp\/v2\/posts\/53736\/revisions"}],"predecessor-version":[{"id":53738,"href":"https:\/\/colimdo.org\/wp-api\/wp\/v2\/posts\/53736\/revisions\/53738"}],"wp:featuredmedia":[{"embeddable":true,"href":"https:\/\/colimdo.org\/wp-api\/wp\/v2\/media\/53737"}],"wp:attachment":[{"href":"https:\/\/colimdo.org\/wp-api\/wp\/v2\/media?parent=53736"}],"wp:term":[{"taxonomy":"category","embeddable":true,"href":"https:\/\/colimdo.org\/wp-api\/wp\/v2\/categories?post=53736"},{"taxonomy":"post_tag","embeddable":true,"href":"https:\/\/colimdo.org\/wp-api\/wp\/v2\/tags?post=53736"}],"curies":[{"name":"wp","href":"https:\/\/api.w.org\/{rel}","templated":true}]}}