{"id":53755,"date":"2019-05-19T22:27:37","date_gmt":"2019-05-19T22:27:37","guid":{"rendered":"https:\/\/colimdo.org\/?p=53755"},"modified":"2019-05-19T22:27:37","modified_gmt":"2019-05-19T22:27:37","slug":"los-tecolotes-los-dos-laredos-la-liga-mexicana-despiden-felix-fermin","status":"publish","type":"post","link":"https:\/\/colimdo.org\/noticias\/los-tecolotes-los-dos-laredos-la-liga-mexicana-despiden-felix-fermin\/","title":{"rendered":"Los Tecolotes de los Dos Laredos de la Liga Mexicana despiden a F\u00e9lix Ferm\u00edn"},"content":{"rendered":"<div id=\"\" class=\"portlet-boundary portlet-static-end content-viewer-portlet last full-access norestricted\">\n<div class=\"text\">\n<div class=\"paragraph\">\n<p>Agencias. Los Tecolotes de los Dos Laredos licenciaron a F\u00e9lix Ferm\u00edn y en su lugar dirigir\u00e1 el equipo Houston Jim\u00e9nez. El dominicano es el tercer dirigente cesado este a\u00f1o en la Liga, detr\u00e1s de Jes\u00fas Sommers (Tigres) y Tim Johnson (Piratas).<\/p>\n<p>Ferm\u00edn fue contratado a mediados de la temporada pasada reemplazando a Eddy Castro luego de un inicio de 15-24 a las primeras dos temporadas de la Liga Mexicana de B\u00e9isbol. El equipo luch\u00f3 por alcanzar un r\u00e9cord de 3-15 a partir de ah\u00ed, ocupando el \u00faltimo lugar en la Liga Mexicana de B\u00e9isbol (LMB) con 18-39, pero se recuperaron en la segunda campa\u00f1a. Los Tecos fueron 33-23 para terminar cuarto en la divisi\u00f3n Norte de la LMB y clasificarse para los playoffs. Fueron 1-4 en la postemporada cayendo en la primera ronda contra Monclova, cabeza de serie.<\/p>\n<\/div>\n<\/div>\n<\/div>\n<div id=\"\" class=\"portlet-boundary portlet-static-end adcontainer-portlet\">\n<div class=\"advertisement_banner_show_label\">&#8211;<\/div>\n<\/div>\n","protected":false},"excerpt":{"rendered":"<p>Ferm\u00edn fue contratado a mediados de la temporada pasada reemplazando a Eddy Castro luego de un inicio de 15-24 a las primeras dos temporadas de la Liga Mexicana de B\u00e9isbol.<\/p>\n","protected":false},"author":16,"featured_media":53756,"comment_status":"closed","ping_status":"closed","sticky":false,"template":"","format":"standard","meta":[],"categories":[2,60],"tags":[],"acf":[],"_links":{"self":[{"href":"https:\/\/colimdo.org\/wp-api\/wp\/v2\/posts\/53755"}],"collection":[{"href":"https:\/\/colimdo.org\/wp-api\/wp\/v2\/posts"}],"about":[{"href":"https:\/\/colimdo.org\/wp-api\/wp\/v2\/types\/post"}],"author":[{"embeddable":true,"href":"https:\/\/colimdo.org\/wp-api\/wp\/v2\/users\/16"}],"replies":[{"embeddable":true,"href":"https:\/\/colimdo.org\/wp-api\/wp\/v2\/comments?post=53755"}],"version-history":[{"count":1,"href":"https:\/\/colimdo.org\/wp-api\/wp\/v2\/posts\/53755\/revisions"}],"predecessor-version":[{"id":53757,"href":"https:\/\/colimdo.org\/wp-api\/wp\/v2\/posts\/53755\/revisions\/53757"}],"wp:featuredmedia":[{"embeddable":true,"href":"https:\/\/colimdo.org\/wp-api\/wp\/v2\/media\/53756"}],"wp:attachment":[{"href":"https:\/\/colimdo.org\/wp-api\/wp\/v2\/media?parent=53755"}],"wp:term":[{"taxonomy":"category","embeddable":true,"href":"https:\/\/colimdo.org\/wp-api\/wp\/v2\/categories?post=53755"},{"taxonomy":"post_tag","embeddable":true,"href":"https:\/\/colimdo.org\/wp-api\/wp\/v2\/tags?post=53755"}],"curies":[{"name":"wp","href":"https:\/\/api.w.org\/{rel}","templated":true}]}}