{"id":53776,"date":"2019-05-20T01:28:12","date_gmt":"2019-05-20T01:28:12","guid":{"rendered":"https:\/\/colimdo.org\/?p=53776"},"modified":"2019-05-20T01:28:12","modified_gmt":"2019-05-20T01:28:12","slug":"rafael-adames-consigue-primera-victoria-serie-dominicana-drift","status":"publish","type":"post","link":"https:\/\/colimdo.org\/noticias\/rafael-adames-consigue-primera-victoria-serie-dominicana-drift\/","title":{"rendered":"Rafael Adames consigue primera victoria en Serie Dominicana de Drift\u00a0"},"content":{"rendered":"<p class=\"x_p1\"><span class=\"x_s1\">SANTO DOMINGO. El carism\u00e1tico piloto Rafael Adames inici\u00f3 la\u00a0<\/span><span class=\"x_s2\">Serie Dominicana de Drift Shell Hellix<\/span><span class=\"x_s1\">\u00a0ganando el\u00a0<\/span><span class=\"x_s2\">Round 1 FC El Sol<\/span><span class=\"x_s1\">\u00a0en un aut\u00f3dromo a casa llena, imponi\u00e9ndose delante de Yessi L\u00f3pez campe\u00f3n vigente de la categor\u00eda PRO, el conocido como \u201cLa Cangrena\u201d logr\u00f3 la tercera mejor puntuaci\u00f3n en la clasificaci\u00f3n y en las corridas pudo avanzar luchando\u00a0 hasta la final, con un arduo trabajo de su equipo que en varias ocasiones tuvo que trabajar a fondo para resolver problemas mec\u00e1nicos y de esa manera conseguir la primera victoria como profesional en territorio dominicano.<\/span><\/p>\n<p class=\"x_p2\"><span class=\"x_s1\">Yessi hab\u00eda logrado la mejor puntuaci\u00f3n en clasificaci\u00f3n y avanz\u00f3 a la final sin contratiempos pero en la batalla con Adames cometi\u00f3 el error que le cost\u00f3 el primer lugar. El piloto FCELSOL tuvo que correr un OMT contra Rafelin a quien no pudo vencer en esta ocasi\u00f3n.<\/span><\/p>\n<p class=\"x_p2\"><span class=\"x_s1\">Algo que hac\u00eda mucho tiempo no pasaba es la forma como llegaba Lopez a la final ya que con el grid completo por los 16 autos que caben en la escalera no tuvo que enfrentarse con nadie hasta llegar a Rafael Adames, desde Osiris Polanco, Doctor Mart\u00ednez hasta Manuel Curreya quienes tuvieron problemas mec\u00e1nicos justamente en su corrida contra L\u00f3pez.\u00a0<\/span><\/p>\n<p class=\"x_p1\">Por su lado\u00a0 V\u00edctor Madera logr\u00f3 el tercer lugar del evento por encima de Manuel Curreya. La Categor\u00eda PRO cont\u00f3 con la participaci\u00f3n de dos pilotos extranjeros, Ren\u00e9 S\u00e1nchez de Puerto Rico y Michael Sojo de Costa Rica quienes correr\u00e1n la serie completa.<\/p>\n<p class=\"x_p1\">Uno de los momentos m\u00e1s emocionantes en la jornada fue el extra final en donde Jonathan Castro con su nuevo auto tra\u00eddo directo desde los Estados Unidos para competir en la serie dominicana se enfrent\u00f3 tanto a Yessi L\u00f3pez como a Rafael Adames ante los miles de fan\u00e1ticos que se dieron cita al aut\u00f3dromo caribe\u00f1o qued\u00e1ndose hasta ese minuto llev\u00e1ndose esa corrida extra llena de pura adrenalina.<\/p>\n<p class=\"x_p2\"><span class=\"x_s1\">La categor\u00eda INTER fue dominada por Franklin Castro por encima de Emmanuel Nu\u00f1ez \u201cBombo Drift\u201d\u00a0 y Emmanuel Brazoban \u201cpalito Drift\u201d quien termin\u00f3 tercero. La m\u00e1s nobeles de las categor\u00edas tuvo asistencia r\u00e9cord de pilotos compitiendo 12 en total.<\/span><\/p>\n<p class=\"x_p1\">Emmanuel Nu\u00f1ez dio la sorpresa del d\u00eda al llevarse el premio \u201cJos\u00e9 Sobrino\u201d el cual se le otorga al piloto de mayor rendimiento en el evento. Es la primera vez que un piloto entrando a la serie por primera vez consigue ese honor.<\/p>\n<p class=\"x_p1\"><span class=\"x_s1\">\u00a0<\/span><span class=\"x_s1\">Las acciones se celebraron en el trazado del\u00a0<\/span><span class=\"x_s2\">Aut\u00f3dromo Petronan<\/span><span class=\"x_s1\">\u00a0donde se estar\u00e1 celebrando el Round 2 el 19 de Julio, mientras que el 9 de Junio ser\u00e1 el pr\u00f3ximo Drift Day.<\/span><\/p>\n","protected":false},"excerpt":{"rendered":"<p>Yessi hab\u00eda logrado la mejor puntuaci\u00f3n en clasificaci\u00f3n y avanz\u00f3 a la final sin contratiempos pero en la batalla con Adames cometi\u00f3 el error que le cost\u00f3 el primer lugar. El piloto FCELSOL tuvo que correr un OMT contra Rafelin a quien no pudo vencer en esta ocasi\u00f3n.<\/p>\n","protected":false},"author":16,"featured_media":53777,"comment_status":"closed","ping_status":"closed","sticky":false,"template":"","format":"standard","meta":[],"categories":[2,60],"tags":[],"acf":[],"_links":{"self":[{"href":"https:\/\/colimdo.org\/wp-api\/wp\/v2\/posts\/53776"}],"collection":[{"href":"https:\/\/colimdo.org\/wp-api\/wp\/v2\/posts"}],"about":[{"href":"https:\/\/colimdo.org\/wp-api\/wp\/v2\/types\/post"}],"author":[{"embeddable":true,"href":"https:\/\/colimdo.org\/wp-api\/wp\/v2\/users\/16"}],"replies":[{"embeddable":true,"href":"https:\/\/colimdo.org\/wp-api\/wp\/v2\/comments?post=53776"}],"version-history":[{"count":1,"href":"https:\/\/colimdo.org\/wp-api\/wp\/v2\/posts\/53776\/revisions"}],"predecessor-version":[{"id":53778,"href":"https:\/\/colimdo.org\/wp-api\/wp\/v2\/posts\/53776\/revisions\/53778"}],"wp:featuredmedia":[{"embeddable":true,"href":"https:\/\/colimdo.org\/wp-api\/wp\/v2\/media\/53777"}],"wp:attachment":[{"href":"https:\/\/colimdo.org\/wp-api\/wp\/v2\/media?parent=53776"}],"wp:term":[{"taxonomy":"category","embeddable":true,"href":"https:\/\/colimdo.org\/wp-api\/wp\/v2\/categories?post=53776"},{"taxonomy":"post_tag","embeddable":true,"href":"https:\/\/colimdo.org\/wp-api\/wp\/v2\/tags?post=53776"}],"curies":[{"name":"wp","href":"https:\/\/api.w.org\/{rel}","templated":true}]}}