{"id":53784,"date":"2019-05-20T14:35:20","date_gmt":"2019-05-20T14:35:20","guid":{"rendered":"https:\/\/colimdo.org\/?p=53784"},"modified":"2019-05-20T14:35:20","modified_gmt":"2019-05-20T14:35:20","slug":"guillen-gonzalez-jimenez-mejores-copa-panamericana-u20","status":"publish","type":"post","link":"https:\/\/colimdo.org\/noticias\/guillen-gonzalez-jimenez-mejores-copa-panamericana-u20\/","title":{"rendered":"Guill\u00e9n, Gonz\u00e1lez y Jim\u00e9nez, entre mejores en Copa Panamericana U20"},"content":{"rendered":"<p style=\"font-weight: 400;\">LIMA, Per\u00fa. &#8211;\u00a0La atacante punta cubana Ailama Cese fue pieza clave en cada una de las victorias de su pa\u00eds, y la noche de este s\u00e1bado fue reconocida como la Jugadora M\u00e1s Valiosa de la V edici\u00f3n de la Copa Panamericana U20 que se celebr\u00f3 en la capital peruana.<\/p>\n<p style=\"font-weight: 400;\">Cese quien adem\u00e1s fue premiada con el Mejor Ataque y la Mayor Anotadora de la competencia, finaliz\u00f3 la Copa U20 con un acumulado de 88 puntos, de los cuales 29 fueron en la luchada victoria sobre Rep\u00fablica Dominicana la cual les llev\u00f3 a obtener su primera presea de oro en la Copa U20.<\/p>\n<p style=\"font-weight: 400;\">\u201cSer la Jugadora M\u00e1s Valiosa es un premio hermoso, me siento muy feliz\u201d, manifest\u00f3 la atacante cubana de 18 a\u00f1os de edad quien agradeci\u00f3 a su entrenador Tom\u00e1s Fern\u00e1ndez por ser su profesor y formador.<\/p>\n<p style=\"font-weight: 400;\">\u201cEsta es la primera vez que obtengo un premio tan importante, todo se lo debo a mi profesor Tom\u00e1s quien ha trabajo conmigo desde los 12 a\u00f1os, este premio se lo dedico a \u00e9l\u201d, asever\u00f3 Cese.<\/p>\n<p style=\"font-weight: 400;\">Tras conseguir su primer t\u00edtulo de campe\u00f3n de la Copa Panamericana U20, con cuatro victorias consecutivas por 3-0 y una por 3-2, la selecci\u00f3n de Cuba se alista para el Campeonato Mundial U20 que se desarrollar\u00e1 por segunda ocasi\u00f3n consecutiva en M\u00e9xico, del 12 al 21 de julio de 2019.<\/p>\n<p style=\"font-weight: 400;\">\u201cSeguiremos trabajando duro para poner el nombre de Cuba en alto como lo ten\u00edan antes como las \u00b4Morenas del Caribe\u00b4, lucharemos por llevar a nuestro pa\u00eds al podio en el Mundial y todas las competencias que vengan\u201d, destac\u00f3 Cese.<\/p>\n<table>\n<tbody>\n<tr>\n<td colspan=\"2\" width=\"330\">\u00a0<strong>Premios Individuales<\/strong>:<\/td>\n<\/tr>\n<tr>\n<td width=\"141\"><strong>MVP:<\/strong><\/td>\n<td width=\"189\">Ailama Cese CUB<\/td>\n<\/tr>\n<tr>\n<td width=\"141\"><strong>Acomodadora:<\/strong><\/td>\n<td width=\"189\">MarianaTrujillo PUR<\/td>\n<\/tr>\n<tr>\n<td width=\"141\"><strong>1ra Atacante:<\/strong><\/td>\n<td width=\"189\">Ailama Cese CUB<\/td>\n<\/tr>\n<tr>\n<td width=\"141\"><strong>2do Atacante:<\/strong><\/td>\n<td width=\"189\">Madeline Guill\u00e9n DOM<\/td>\n<\/tr>\n<tr>\n<td width=\"141\"><strong>1ra Central:<\/strong><\/td>\n<td width=\"189\">Geraldine Gonzalez DOM<\/td>\n<\/tr>\n<tr>\n<td width=\"141\"><strong>2da Central:<\/strong><\/td>\n<td width=\"189\">Mariela Jim\u00e9nez DOM<\/td>\n<\/tr>\n<tr>\n<td width=\"141\"><strong>Atacante Opuesto:<\/strong><\/td>\n<td width=\"189\">Camila P\u00e9rez PER<\/td>\n<\/tr>\n<tr>\n<td width=\"141\"><strong>Mejor Libero:<\/strong><\/td>\n<td width=\"189\">Kiaralyz P\u00e9rez PUR<\/td>\n<\/tr>\n<tr>\n<td width=\"141\"><strong>Mejor Receptora:<\/strong><\/td>\n<td width=\"189\">Ivy Vila CUB<\/td>\n<\/tr>\n<tr>\n<td width=\"141\"><strong>Mejor Defensora:<\/strong><\/td>\n<td width=\"189\">Kiaralyz P\u00e9rez PUR<\/td>\n<\/tr>\n<tr>\n<td width=\"141\"><strong>Mejor Servidora:<\/strong><\/td>\n<td width=\"189\">Ivy Vila CUB<\/td>\n<\/tr>\n<tr>\n<td width=\"141\"><strong>Mayor Anotadora:\u00a0\u00a0\u00a0\u00a0<\/strong><\/td>\n<td width=\"189\">Ailama Cese CUB<\/td>\n<\/tr>\n<\/tbody>\n<\/table>\n","protected":false},"excerpt":{"rendered":"<p>LIMA, Per\u00fa. &#8211;\u00a0La atacante punta cubana Ailama Cese fue pieza clave en cada una de las victorias de su pa\u00eds, y la noche de este s\u00e1bado fue reconocida como la Jugadora M\u00e1s Valiosa de la V edici\u00f3n de la Copa Panamericana U20 que se celebr\u00f3 en la capital peruana. Cese quien adem\u00e1s fue premiada con [&hellip;]<\/p>\n","protected":false},"author":9,"featured_media":53785,"comment_status":"closed","ping_status":"closed","sticky":false,"template":"","format":"standard","meta":[],"categories":[3,2,60],"tags":[],"acf":[],"_links":{"self":[{"href":"https:\/\/colimdo.org\/wp-api\/wp\/v2\/posts\/53784"}],"collection":[{"href":"https:\/\/colimdo.org\/wp-api\/wp\/v2\/posts"}],"about":[{"href":"https:\/\/colimdo.org\/wp-api\/wp\/v2\/types\/post"}],"author":[{"embeddable":true,"href":"https:\/\/colimdo.org\/wp-api\/wp\/v2\/users\/9"}],"replies":[{"embeddable":true,"href":"https:\/\/colimdo.org\/wp-api\/wp\/v2\/comments?post=53784"}],"version-history":[{"count":1,"href":"https:\/\/colimdo.org\/wp-api\/wp\/v2\/posts\/53784\/revisions"}],"predecessor-version":[{"id":53786,"href":"https:\/\/colimdo.org\/wp-api\/wp\/v2\/posts\/53784\/revisions\/53786"}],"wp:featuredmedia":[{"embeddable":true,"href":"https:\/\/colimdo.org\/wp-api\/wp\/v2\/media\/53785"}],"wp:attachment":[{"href":"https:\/\/colimdo.org\/wp-api\/wp\/v2\/media?parent=53784"}],"wp:term":[{"taxonomy":"category","embeddable":true,"href":"https:\/\/colimdo.org\/wp-api\/wp\/v2\/categories?post=53784"},{"taxonomy":"post_tag","embeddable":true,"href":"https:\/\/colimdo.org\/wp-api\/wp\/v2\/tags?post=53784"}],"curies":[{"name":"wp","href":"https:\/\/api.w.org\/{rel}","templated":true}]}}