{"id":53790,"date":"2019-05-20T14:42:56","date_gmt":"2019-05-20T14:42:56","guid":{"rendered":"https:\/\/colimdo.org\/?p=53790"},"modified":"2019-05-20T14:42:56","modified_gmt":"2019-05-20T14:42:56","slug":"rd-debuta-este-martes-ante-chile-inicio-copa-panamericana-u-18-mexico","status":"publish","type":"post","link":"https:\/\/colimdo.org\/noticias\/rd-debuta-este-martes-ante-chile-inicio-copa-panamericana-u-18-mexico\/","title":{"rendered":"RD debuta este martes ante Chile  en inicio Copa Panamericana U-18 en M\u00e9xico"},"content":{"rendered":"<p>OBREGON, M\u00c9XICO. El sexteto femenino de la Rep\u00fablica Dominicana debuta este martes a las seis de la tarde (9:00 de la noche hora dominicana), antes Chile en el inicio de la Copa Panamericana U-18 que se inicia aqu\u00ed con la participaci\u00f3n de ocho pa\u00edses, evento organizado por la Uni\u00f3n Panamericana de Voleibol. Dominicana gano bronce en la Copa 2017 en Cuba.<\/p>\n<p>En la contienda U-18, lograran el pase al Campeonato Mundial en esa categor\u00eda los que ganen oro y plata. Ya est\u00e1n clasificados por ranking mundial, Estados Unidos y Canad\u00e1.<\/p>\n<p>Tambi\u00e9n accionaran Guatemala, Puerto Rico, Per\u00fa, Cuba, M\u00e9xico, Chile y Honduras. Para este mi\u00e9rcoles, las criollas se enfrentaran a Honduras a las cinco de la tarde y el jueves 23 ante M\u00e9xico a las 11 de la noche. Las dominicanas partieron el pasado fin de semana hacia la ciudad azteca, acompa\u00f1ada del dirigente Alexandre Ceccato.<\/p>\n<p>El equipo estar\u00e1 integrado por Geraldina Gonz\u00e1lez, Romina Cornelio, Estefhany Rabit, Ailyn Mia Liberato, Joeliza Fis Mota, Flormarie Heredia Colon y Jarolin de los Santos.<\/p>\n<p>Tambi\u00e9n Yanleys Cabada Mendoza, Laura Paniagua, Leslie Jerez, Sarah Cruz y Cherlin Basilio.<\/p>\n<p>Se recuerda que la Rep\u00fablica Dominicana reaccion\u00f3 frente al de Argentina para vencer 3-1 (22-25, 25-22, 25-17, 25-23) y conquistar la medalla de bronce de la IV Copa Panamericana Sub-18, que se celebro en 2017 en Cuba en el Coliseo de la Ciudad Deportiva.<\/p>\n<p>Un ataque bien repartido y bloqueo efectivo condujo a las campeonas continentales de NORCECA al triunfo con la ofensiva encabezada, en ese momento, por Madeline Guill\u00e9n (24), seguida de sus compa\u00f1eras Yaneirys Rodr\u00edguez (13), y Geraldine Gonz\u00e1lez y Erika Asencio, ambas con 12 puntos.<\/p>\n","protected":false},"excerpt":{"rendered":"<p>OBREGON, M\u00c9XICO. El sexteto femenino de la Rep\u00fablica Dominicana debuta este martes a las seis de la tarde (9:00 de la noche hora dominicana), antes Chile en el inicio de la Copa Panamericana U-18 que se inicia aqu\u00ed con la participaci\u00f3n de ocho pa\u00edses, evento organizado por la Uni\u00f3n Panamericana de Voleibol. Dominicana gano bronce [&hellip;]<\/p>\n","protected":false},"author":9,"featured_media":53791,"comment_status":"closed","ping_status":"closed","sticky":false,"template":"","format":"standard","meta":[],"categories":[3,2,60],"tags":[],"acf":[],"_links":{"self":[{"href":"https:\/\/colimdo.org\/wp-api\/wp\/v2\/posts\/53790"}],"collection":[{"href":"https:\/\/colimdo.org\/wp-api\/wp\/v2\/posts"}],"about":[{"href":"https:\/\/colimdo.org\/wp-api\/wp\/v2\/types\/post"}],"author":[{"embeddable":true,"href":"https:\/\/colimdo.org\/wp-api\/wp\/v2\/users\/9"}],"replies":[{"embeddable":true,"href":"https:\/\/colimdo.org\/wp-api\/wp\/v2\/comments?post=53790"}],"version-history":[{"count":1,"href":"https:\/\/colimdo.org\/wp-api\/wp\/v2\/posts\/53790\/revisions"}],"predecessor-version":[{"id":53792,"href":"https:\/\/colimdo.org\/wp-api\/wp\/v2\/posts\/53790\/revisions\/53792"}],"wp:featuredmedia":[{"embeddable":true,"href":"https:\/\/colimdo.org\/wp-api\/wp\/v2\/media\/53791"}],"wp:attachment":[{"href":"https:\/\/colimdo.org\/wp-api\/wp\/v2\/media?parent=53790"}],"wp:term":[{"taxonomy":"category","embeddable":true,"href":"https:\/\/colimdo.org\/wp-api\/wp\/v2\/categories?post=53790"},{"taxonomy":"post_tag","embeddable":true,"href":"https:\/\/colimdo.org\/wp-api\/wp\/v2\/tags?post=53790"}],"curies":[{"name":"wp","href":"https:\/\/api.w.org\/{rel}","templated":true}]}}