{"id":53793,"date":"2019-05-20T14:49:53","date_gmt":"2019-05-20T14:49:53","guid":{"rendered":"https:\/\/colimdo.org\/?p=53793"},"modified":"2019-05-20T14:49:53","modified_gmt":"2019-05-20T14:49:53","slug":"construiran-la-casa-del-minibaloncesto-cojpd","status":"publish","type":"post","link":"https:\/\/colimdo.org\/noticias\/construiran-la-casa-del-minibaloncesto-cojpd\/","title":{"rendered":"Construir\u00e1n la Casa del Minibaloncesto en el COJPD"},"content":{"rendered":"<div class=\"paragraph\">\n<p><strong>(DIARIO LIBRE)<\/strong> El calendario de pr\u00e1cticas de las selecciones de baloncesto masculina menores carece de direcci\u00f3n fija. Un d\u00eda aqu\u00ed y otro all\u00ed y al tercer d\u00eda esperar confirmaci\u00f3n, a ver qui\u00e9n presta una cancha.<\/p>\n<p>Eso parece tener fin. El ministro de Deportes Danilo D\u00edaz contempla la construcci\u00f3n de un techado que permitir\u00e1 a los equipos menores, masculino y femenino, tener su propia casa, en el Centro Ol\u00edmpico Juan Pablo Duarte.<\/p>\n<p>Se tomar\u00e1 el espacio de algunas canchas abiertas, \u201cdos o tres\u201d, dijo D\u00edaz, \u201cpara techarlas y que sirvan para concentraci\u00f3n de las categor\u00edas menores\u201d.<\/p>\n<p>Se trata del ansiado proyecto de la Federaci\u00f3n Dominicana de Baloncesto, que lo denomina repetidamente \u201cCasa Nacional del Minibaloncesto\u201d el presidente de la Fedombal, Rafael Uribe.<\/p>\n<p>La obra se ubica en la parte lateral izquierda del Pabell\u00f3n de Lucha, por el lado de la avenida M\u00e1ximo G\u00f3mez.<\/p>\n<p>Algunos trabajos ya se han hecho en la zona de construcci\u00f3n y si todo marcha seg\u00fan lo previsto \u201cdebe estar lista este a\u00f1o\u201d, manifest\u00f3 el ministro D\u00edaz.<\/p>\n<\/div>\n<div class=\"entretitulo\">Selecci\u00f3n sub17<\/div>\n<div class=\"paragraph\">\n<p>La selecci\u00f3n sub17 competir\u00e1 en el campeonato masculino CentroBasket de esa divisi\u00f3n (24-28 de julio, Coliseo Roberto Clemente, de San Juan, Puerto Rico, el cual es clasificatorio al Campeonato FIBAAmericas de 2020, al que avanzan los mejores tres equipos.<\/p>\n<p>Este grupo, explica el director t\u00e9cnico de selecciones masculina de categor\u00edas menores, Jos\u00e9 Mercedes, viene trabajando desde hace \u201calrededor de tres meses y medio\u201d. Esta preselecci\u00f3n contaba con 27 jugadores, que fueron reducidos a 18 y para final de mes se espera reducir a\u00fan m\u00e1s la preselecci\u00f3n.<\/p>\n<p>Tambi\u00e9n se espera observar a un talento dominicano procedente de Estados Unidos y luego de ah\u00ed se obtendr\u00e1 el equipo. \u201cCon ese corte que viene vamos a completar la \u00faltima concentraci\u00f3n\u201d y luego se unir\u00e1 ese grupo con el talento que procede de Estados Unidos. RD estar\u00e1 en el Grupo B junto a M\u00e9xico, Panam\u00e1 y Jamaica. El grupo lo forman Islas V\u00edrgenes, Bahamas, El Salvador y Puerto Rico.<\/p>\n<p><strong>DIARIO LIBRE<\/strong><\/p>\n<\/div>\n","protected":false},"excerpt":{"rendered":"<p>(DIARIO LIBRE) El calendario de pr\u00e1cticas de las selecciones de baloncesto masculina menores carece de direcci\u00f3n fija. Un d\u00eda aqu\u00ed y otro all\u00ed y al tercer d\u00eda esperar confirmaci\u00f3n, a ver qui\u00e9n presta una cancha. Eso parece tener fin. El ministro de Deportes Danilo D\u00edaz contempla la construcci\u00f3n de un techado que permitir\u00e1 a los [&hellip;]<\/p>\n","protected":false},"author":9,"featured_media":53794,"comment_status":"closed","ping_status":"closed","sticky":false,"template":"","format":"standard","meta":[],"categories":[2,60],"tags":[],"acf":[],"_links":{"self":[{"href":"https:\/\/colimdo.org\/wp-api\/wp\/v2\/posts\/53793"}],"collection":[{"href":"https:\/\/colimdo.org\/wp-api\/wp\/v2\/posts"}],"about":[{"href":"https:\/\/colimdo.org\/wp-api\/wp\/v2\/types\/post"}],"author":[{"embeddable":true,"href":"https:\/\/colimdo.org\/wp-api\/wp\/v2\/users\/9"}],"replies":[{"embeddable":true,"href":"https:\/\/colimdo.org\/wp-api\/wp\/v2\/comments?post=53793"}],"version-history":[{"count":1,"href":"https:\/\/colimdo.org\/wp-api\/wp\/v2\/posts\/53793\/revisions"}],"predecessor-version":[{"id":53795,"href":"https:\/\/colimdo.org\/wp-api\/wp\/v2\/posts\/53793\/revisions\/53795"}],"wp:featuredmedia":[{"embeddable":true,"href":"https:\/\/colimdo.org\/wp-api\/wp\/v2\/media\/53794"}],"wp:attachment":[{"href":"https:\/\/colimdo.org\/wp-api\/wp\/v2\/media?parent=53793"}],"wp:term":[{"taxonomy":"category","embeddable":true,"href":"https:\/\/colimdo.org\/wp-api\/wp\/v2\/categories?post=53793"},{"taxonomy":"post_tag","embeddable":true,"href":"https:\/\/colimdo.org\/wp-api\/wp\/v2\/tags?post=53793"}],"curies":[{"name":"wp","href":"https:\/\/api.w.org\/{rel}","templated":true}]}}