{"id":53800,"date":"2019-05-20T16:55:25","date_gmt":"2019-05-20T16:55:25","guid":{"rendered":"https:\/\/colimdo.org\/?p=53800"},"modified":"2019-05-20T16:55:25","modified_gmt":"2019-05-20T16:55:25","slug":"real-madrid-renovo-contrato-kroos-2023","status":"publish","type":"post","link":"https:\/\/colimdo.org\/noticias\/real-madrid-renovo-contrato-kroos-2023\/","title":{"rendered":"Real Madrid renov\u00f3 el contrato de Kroos hasta 2023"},"content":{"rendered":"<p>MADRID (AP) \u2014 Real Madrid renov\u00f3 el contrato del mediocampista alem\u00e1n Toni Kroos hasta el final de la temporada 2023.<\/p>\n<p>El jugador de 29 a\u00f1os, cuyo contrato vencer\u00eda al final de la temporada 2022, lleg\u00f3 al equipo merengue proveniente del Bayern Munich tras coronarse con la selecci\u00f3n de Alemania en la Copa del Mundo 2014. Ayud\u00f3 a Real Madrid a ganar 11 t\u00edtulos, entre ellos tres de la Liga de Campeones y uno de la Liga espa\u00f1ola.<\/p>\n<p>\u201cEl club y yo tenemos una relaci\u00f3n muy especial. Llegu\u00e9 en 2014 y desde el primer d\u00eda el club ha tenido mucha confianza en m\u00ed y cree que he ayudado a ganar estos t\u00edtulos\u201d, indic\u00f3 Kroos.<\/p>\n<p>Real Madrid acaba de concluir una de sus peores temporadas en la historia reciente con una derrota de 2-0 en casa frente a Real Betis. El club termin\u00f3 en el tercer lugar de la tabla de la Liga, ocho puntos detr\u00e1s del Atl\u00e9tico de Madrid y 19 debajo del campe\u00f3n Barcelona.<\/p>\n<p>\u201cEste a\u00f1o ning\u00fan jugador ha llegado a su nivel top como en los a\u00f1os anteriores. Cuando pasa con muchos jugadores es dif\u00edcil tener \u00e9xitos. Todos somos humanos\u201d, acept\u00f3 Kroos.<\/p>\n<p>Se espera que el Madrid renueve la mayor\u00eda de su plantel bajo las \u00f3rdenes del t\u00e9cnico Zinedine Zidane, quien regres\u00f3 a la banca del conjunto espa\u00f1ol cerca del final de la campa\u00f1a.<\/p>\n","protected":false},"excerpt":{"rendered":"<p>MADRID (AP) \u2014 Real Madrid renov\u00f3 el contrato del mediocampista alem\u00e1n Toni Kroos hasta el final de la temporada 2023. El jugador de 29 a\u00f1os, cuyo contrato vencer\u00eda al final de la temporada 2022, lleg\u00f3 al equipo merengue proveniente del Bayern Munich tras coronarse con la selecci\u00f3n de Alemania en la Copa del Mundo 2014. [&hellip;]<\/p>\n","protected":false},"author":9,"featured_media":53801,"comment_status":"closed","ping_status":"closed","sticky":false,"template":"","format":"standard","meta":[],"categories":[2,60],"tags":[],"acf":[],"_links":{"self":[{"href":"https:\/\/colimdo.org\/wp-api\/wp\/v2\/posts\/53800"}],"collection":[{"href":"https:\/\/colimdo.org\/wp-api\/wp\/v2\/posts"}],"about":[{"href":"https:\/\/colimdo.org\/wp-api\/wp\/v2\/types\/post"}],"author":[{"embeddable":true,"href":"https:\/\/colimdo.org\/wp-api\/wp\/v2\/users\/9"}],"replies":[{"embeddable":true,"href":"https:\/\/colimdo.org\/wp-api\/wp\/v2\/comments?post=53800"}],"version-history":[{"count":1,"href":"https:\/\/colimdo.org\/wp-api\/wp\/v2\/posts\/53800\/revisions"}],"predecessor-version":[{"id":53802,"href":"https:\/\/colimdo.org\/wp-api\/wp\/v2\/posts\/53800\/revisions\/53802"}],"wp:featuredmedia":[{"embeddable":true,"href":"https:\/\/colimdo.org\/wp-api\/wp\/v2\/media\/53801"}],"wp:attachment":[{"href":"https:\/\/colimdo.org\/wp-api\/wp\/v2\/media?parent=53800"}],"wp:term":[{"taxonomy":"category","embeddable":true,"href":"https:\/\/colimdo.org\/wp-api\/wp\/v2\/categories?post=53800"},{"taxonomy":"post_tag","embeddable":true,"href":"https:\/\/colimdo.org\/wp-api\/wp\/v2\/tags?post=53800"}],"curies":[{"name":"wp","href":"https:\/\/api.w.org\/{rel}","templated":true}]}}