{"id":53819,"date":"2019-05-20T19:16:35","date_gmt":"2019-05-20T19:16:35","guid":{"rendered":"https:\/\/colimdo.org\/?p=53819"},"modified":"2019-05-20T20:07:45","modified_gmt":"2019-05-20T20:07:45","slug":"mas-700-caballistas-participaran-la-cabalgata-las-mariposas","status":"publish","type":"post","link":"https:\/\/colimdo.org\/noticias\/mas-700-caballistas-participaran-la-cabalgata-las-mariposas\/","title":{"rendered":"M\u00e1s de 700 caballistas participar\u00e1n en la Cabalgata de Las Mariposas"},"content":{"rendered":"<p>El s\u00e1bado 1 de junio a las 10:00 de la ma\u00f1ana es la gran cita para la tradicional Cabalgata de las Mariposas por la no violencia contra la mujer, la cl\u00e1sica actividad de Salcedo, en una ruta de Historia, Arte y Naturaleza para la que ya se han formalizado la inscripci\u00f3n sobre los 700 ejemplares y sus jinetes.<\/p>\n<p>La invitaci\u00f3n fue hecha este lunes 20 de mayo, en rueda de prensa en el sal\u00f3n James Rodr\u00edguez del Ministerio de Deportes, con la presencia de parte de las personalidades m\u00e1s representativas de la provincia Hermanas Mirabal, as\u00ed como personas ligadas a la actividad caballistas de diferentes puntos del pa\u00eds que dan apoyo a la cabalgata de Salcedo, ciudad que se prepara para ser sede del 21 al 25 de noviembre, del Festival Cultural Hermanas Mirabal 2019.<\/p>\n<p>Linabel Gonz\u00e1lez, directora de la Oficina para el Desarrollo de la Mujer de Hermanas Mirabal, en su condici\u00f3n de vicepresidenta ejecutiva del Comit\u00e9 Organizador; y Mar\u00eda Mercedes Ortiz, alcaldesa de Salcedo, ofrecieron los detalles de la Cabalgata de las Mariposas, que tendr\u00e1 su punto de partida el complejo deportivo de Salcedo. Insistieron en que la actividad es para el disfrute de toda la familia y pidieron al p\u00fablico de toda la provincia a darle concurrir.<\/p>\n<p>Contaron con la compa\u00f1\u00eda del ex vicepresidente, doctor Jaime David Fern\u00e1ndez Mirabal; el senador Luis Ren\u00e9 Cana\u00e1n; Enrique Duval, coordinador de la cabalgata; Pedro Pablo Rojas; el viceministro de Deportes, An\u00edbal Portorreal, quien manifest\u00f3 el respaldo del Ministerio de Deportes y su incumbente Danilo D\u00edaz, a la cabalgata y al cese de la violencia contra la mujer. Les acompa\u00f1aron, Mar\u00eda Gonz\u00e1lez, Fanny De Jes\u00fas y Fresa Medina, de las asociaciones de caballistas de las provincias Hermanas Mirabal, Hig\u00fcey y Hato Mayor.<\/p>\n<p>Anunciaron la participaci\u00f3n de caballistas de todo el territorio nacional, desde Hig\u00fcey a Montecristi, incluido Santo Domingo, que presentar\u00e1 la Caballer\u00eda del Ej\u00e9rcito Nacional, m\u00e1s, ejemplares de la mayor\u00eda de las provincias que recorrer\u00e1n en familia los diferentes lugares de la ruta establecida. Cuenta con el respaldo de los ministerios de Deportes, de Turismo y de Defensa, del Ej\u00e9rcito y otras instituciones p\u00fablicas y privadas del pa\u00eds.<\/p>\n<p>Se\u00f1alaron que en el punto de encuentro, el complejo deportivo, se proceder\u00e1 al registro de los y las caballistas participantes, con m\u00fasica, picaderas y actividades recreativas.<\/p>\n<p>A las 11:15 habr\u00e1 una exhibici\u00f3n y competencia de paso fino y de la modalidad de \u201cpaso hig\u00fceyano\u201d. A las 12:30 ser\u00e1 el almuerzo y una presentaci\u00f3n art\u00edstica. La salida de la cabalgata ser\u00e1 a las 2:30 de la tarde, para un recorrido que tocar\u00e1 lugares hist\u00f3ricos, culturales y bellezas naturales a lo largo de 12.5 kil\u00f3metros.<\/p>\n<p>El Comit\u00e9 Organizador reiter\u00f3 el agradecimiento al ministro de Deportes Danilo D\u00edaz, a los ministerios de Defensa y de Turismo , al INTRANT, as\u00ed como a los cientos de caballistas y entidades por el respaldo que ofrecen a lo que definieron, como el m\u00e1s grande encuentro de la familia caballista por la No violencia contra la mujer.<\/p>\n","protected":false},"excerpt":{"rendered":"<p>El s\u00e1bado 1 de junio a las 10:00 de la ma\u00f1ana es la gran cita para la tradicional Cabalgata de las Mariposas por la no violencia contra la mujer, la cl\u00e1sica actividad de Salcedo, en una ruta de Historia, Arte y Naturaleza para la que ya se han formalizado la inscripci\u00f3n sobre los 700 ejemplares [&hellip;]<\/p>\n","protected":false},"author":9,"featured_media":53820,"comment_status":"closed","ping_status":"closed","sticky":false,"template":"","format":"standard","meta":[],"categories":[2,60],"tags":[],"acf":[],"_links":{"self":[{"href":"https:\/\/colimdo.org\/wp-api\/wp\/v2\/posts\/53819"}],"collection":[{"href":"https:\/\/colimdo.org\/wp-api\/wp\/v2\/posts"}],"about":[{"href":"https:\/\/colimdo.org\/wp-api\/wp\/v2\/types\/post"}],"author":[{"embeddable":true,"href":"https:\/\/colimdo.org\/wp-api\/wp\/v2\/users\/9"}],"replies":[{"embeddable":true,"href":"https:\/\/colimdo.org\/wp-api\/wp\/v2\/comments?post=53819"}],"version-history":[{"count":1,"href":"https:\/\/colimdo.org\/wp-api\/wp\/v2\/posts\/53819\/revisions"}],"predecessor-version":[{"id":53821,"href":"https:\/\/colimdo.org\/wp-api\/wp\/v2\/posts\/53819\/revisions\/53821"}],"wp:featuredmedia":[{"embeddable":true,"href":"https:\/\/colimdo.org\/wp-api\/wp\/v2\/media\/53820"}],"wp:attachment":[{"href":"https:\/\/colimdo.org\/wp-api\/wp\/v2\/media?parent=53819"}],"wp:term":[{"taxonomy":"category","embeddable":true,"href":"https:\/\/colimdo.org\/wp-api\/wp\/v2\/categories?post=53819"},{"taxonomy":"post_tag","embeddable":true,"href":"https:\/\/colimdo.org\/wp-api\/wp\/v2\/tags?post=53819"}],"curies":[{"name":"wp","href":"https:\/\/api.w.org\/{rel}","templated":true}]}}