{"id":53862,"date":"2019-05-21T02:39:00","date_gmt":"2019-05-21T02:39:00","guid":{"rendered":"https:\/\/colimdo.org\/?p=53862"},"modified":"2019-05-21T02:39:00","modified_gmt":"2019-05-21T02:39:00","slug":"muere-ex-piloto-formula-1-niki-lauda","status":"publish","type":"post","link":"https:\/\/colimdo.org\/noticias\/muere-ex-piloto-formula-1-niki-lauda\/","title":{"rendered":"Muere el ex piloto de Formula 1 Niki Lauda"},"content":{"rendered":"<p>AGENCIA. El expiloto austr\u00edaco Niki Lauda, triple campe\u00f3n del mundo de F\u00f3rmula Uno, ha fallecido, seg\u00fan anunci\u00f3 su familia en un comunicado.<\/p>\n<p>\u201cCon gran dolor anunciamos que nuestro querido Niki ha fallecido apaciblemente el 20 de mayo de 2019, rodeado de su familia\u201d, comunicaron los allegados del piloto y empresario de 70 a\u00f1os.<\/p>\n<p>Lauda se hab\u00eda sometido el pasado verano a un trasplante de pulm\u00f3n que le oblig\u00f3 a estar hospitalizado varios meses, y el pasado mes de enero tuvo que volver a ser internado a causa de una gripe que contrajo durante las navidades anteriores en Ibiza (Espa\u00f1a), donde el ex piloto ten\u00eda su segunda residencia.<\/p>\n<p>El pasado febrero, Lauda hab\u00eda cumplido 70 a\u00f1os.<\/p>\n<p>\u201cSus logros \u00fanicos como deportista y como empresario son y ser\u00e1n siempre inolvidables. Su dinamismo inagotable, su rectitud y su valent\u00eda ser\u00e1n un modelo y una referencia para todos nosotros\u201d, record\u00f3 su familia en la nota en la que anunci\u00f3 su muerte.<\/p>\n<p>Lauda ya hab\u00eda sido sometido a sendos trasplantes de ri\u00f1\u00f3n en 1997 y 2015, en este \u00faltimo caso gracias a la donaci\u00f3n del \u00f3rgano por parte de su entonces novia y ahora viuda Birgit.<\/p>\n","protected":false},"excerpt":{"rendered":"<p>Lauda se hab\u00eda sometido el pasado verano a un trasplante de pulm\u00f3n que le oblig\u00f3 a estar hospitalizado varios meses, y el pasado mes de enero tuvo que volver a ser internado a causa de una gripe que contrajo durante las navidades anteriores en Ibiza (Espa\u00f1a), donde el ex piloto ten\u00eda su segunda residencia.<\/p>\n","protected":false},"author":16,"featured_media":53863,"comment_status":"closed","ping_status":"closed","sticky":false,"template":"","format":"standard","meta":[],"categories":[2,60],"tags":[],"acf":[],"_links":{"self":[{"href":"https:\/\/colimdo.org\/wp-api\/wp\/v2\/posts\/53862"}],"collection":[{"href":"https:\/\/colimdo.org\/wp-api\/wp\/v2\/posts"}],"about":[{"href":"https:\/\/colimdo.org\/wp-api\/wp\/v2\/types\/post"}],"author":[{"embeddable":true,"href":"https:\/\/colimdo.org\/wp-api\/wp\/v2\/users\/16"}],"replies":[{"embeddable":true,"href":"https:\/\/colimdo.org\/wp-api\/wp\/v2\/comments?post=53862"}],"version-history":[{"count":1,"href":"https:\/\/colimdo.org\/wp-api\/wp\/v2\/posts\/53862\/revisions"}],"predecessor-version":[{"id":53864,"href":"https:\/\/colimdo.org\/wp-api\/wp\/v2\/posts\/53862\/revisions\/53864"}],"wp:featuredmedia":[{"embeddable":true,"href":"https:\/\/colimdo.org\/wp-api\/wp\/v2\/media\/53863"}],"wp:attachment":[{"href":"https:\/\/colimdo.org\/wp-api\/wp\/v2\/media?parent=53862"}],"wp:term":[{"taxonomy":"category","embeddable":true,"href":"https:\/\/colimdo.org\/wp-api\/wp\/v2\/categories?post=53862"},{"taxonomy":"post_tag","embeddable":true,"href":"https:\/\/colimdo.org\/wp-api\/wp\/v2\/tags?post=53862"}],"curies":[{"name":"wp","href":"https:\/\/api.w.org\/{rel}","templated":true}]}}