{"id":53865,"date":"2019-05-21T02:47:56","date_gmt":"2019-05-21T02:47:56","guid":{"rendered":"https:\/\/colimdo.org\/?p=53865"},"modified":"2019-05-21T02:47:56","modified_gmt":"2019-05-21T02:47:56","slug":"la-aiba-optimista-tras-comparecencia-ante-coi","status":"publish","type":"post","link":"https:\/\/colimdo.org\/noticias\/la-aiba-optimista-tras-comparecencia-ante-coi\/","title":{"rendered":"La AIBA es &#8220;optimista&#8221; tras su comparecencia ante el COI"},"content":{"rendered":"<p class=\"selectionShareable\">AFP. La Federaci\u00f3n Internacional de Boxeo (AIBA), que tiene la amenaza de que se le retire la organizaci\u00f3n del torneo de boxeo de los Juegos Ol\u00edmpicos de Tokio-2020, dijo este lunes que es &#8220;optimista&#8221;, tras su comparecencia ante la Comisi\u00f3n de Investigaci\u00f3n del Comit\u00e9 Ol\u00edmpico Internacional (COI).<\/p>\n<p class=\"selectionShareable\">&#8220;Hemos tenido una reuni\u00f3n muy productiva hoy (lunes) con la Comisi\u00f3n de Investigaci\u00f3n del COI (&#8230;) Seguimos siendo optimistas sobre el futuro ol\u00edmpico de la AIBA&#8221;, declar\u00f3 su presidente interino, el marroqu\u00ed Mohamed Moustahsane, citado en un comunicado.<\/p>\n<p class=\"selectionShareable\">Este lunes, varios responsables de la AIBA, entre ellos Moustahsane, y su director general, el estadounidense Tom Virgets, declararon ante una Comisi\u00f3n de Investigaci\u00f3n del COI compuesta por tres miembros y presidida por el serbio Nenad Lalovic, miembro de la Comisi\u00f3n Ejecutiva del COI y presidente de la Federaci\u00f3n Internacional de Lucha.<\/p>\n<p class=\"selectionShareable\">Esta comisi\u00f3n de investigaci\u00f3n fue creada en diciembre por el COI, que ante las crecientes preocupaciones sobre todo acerca de la gobernanza de la AIBA y su situaci\u00f3n financiera decidi\u00f3 congelar la organizaci\u00f3n del torneo ol\u00edmpico de boxeo de Tokio-2020.<\/p>\n<p class=\"selectionShareable\">La Comisi\u00f3n de Investigaci\u00f3n, que s\u00f3lo ha escuchado una vez a los responsables de la AIBA, va ahora a enviar un informe final a la Comisi\u00f3n Ejecutiva del COI, que se re\u00fane el mi\u00e9rcoles y que decidir\u00e1 si aparta o no a la AIBA de la organizaci\u00f3n del torneo de la cita japonesa.<\/p>\n<p class=\"selectionShareable\">Si la AIBA es retirada, algo que ser\u00eda un hito en la historia ol\u00edmpica, el COI asumir\u00eda directamente la organizaci\u00f3n del torneo ol\u00edmpico y el de las competiciones clasificatorias para el mismo.<\/p>\n","protected":false},"excerpt":{"rendered":"<p>La Federaci\u00f3n Internacional de Boxeo (AIBA), que tiene la amenaza de que se le retire la organizaci\u00f3n del torneo de boxeo de los Juegos Ol\u00edmpicos de Tokio-2020, dijo este lunes que es &#8220;optimista&#8221;, tras su comparecencia ante la Comisi\u00f3n de Investigaci\u00f3n del Comit\u00e9 Ol\u00edmpico Internacional (COI).<\/p>\n","protected":false},"author":16,"featured_media":53866,"comment_status":"closed","ping_status":"closed","sticky":false,"template":"","format":"standard","meta":[],"categories":[2,60],"tags":[],"acf":[],"_links":{"self":[{"href":"https:\/\/colimdo.org\/wp-api\/wp\/v2\/posts\/53865"}],"collection":[{"href":"https:\/\/colimdo.org\/wp-api\/wp\/v2\/posts"}],"about":[{"href":"https:\/\/colimdo.org\/wp-api\/wp\/v2\/types\/post"}],"author":[{"embeddable":true,"href":"https:\/\/colimdo.org\/wp-api\/wp\/v2\/users\/16"}],"replies":[{"embeddable":true,"href":"https:\/\/colimdo.org\/wp-api\/wp\/v2\/comments?post=53865"}],"version-history":[{"count":1,"href":"https:\/\/colimdo.org\/wp-api\/wp\/v2\/posts\/53865\/revisions"}],"predecessor-version":[{"id":53867,"href":"https:\/\/colimdo.org\/wp-api\/wp\/v2\/posts\/53865\/revisions\/53867"}],"wp:featuredmedia":[{"embeddable":true,"href":"https:\/\/colimdo.org\/wp-api\/wp\/v2\/media\/53866"}],"wp:attachment":[{"href":"https:\/\/colimdo.org\/wp-api\/wp\/v2\/media?parent=53865"}],"wp:term":[{"taxonomy":"category","embeddable":true,"href":"https:\/\/colimdo.org\/wp-api\/wp\/v2\/categories?post=53865"},{"taxonomy":"post_tag","embeddable":true,"href":"https:\/\/colimdo.org\/wp-api\/wp\/v2\/tags?post=53865"}],"curies":[{"name":"wp","href":"https:\/\/api.w.org\/{rel}","templated":true}]}}