{"id":53874,"date":"2019-05-21T12:09:44","date_gmt":"2019-05-21T12:09:44","guid":{"rendered":"https:\/\/colimdo.org\/?p=53874"},"modified":"2019-05-21T12:09:44","modified_gmt":"2019-05-21T12:09:44","slug":"ceccato-la-meta-lograr-la-clasificacion-al-campeonato-mundial","status":"publish","type":"post","link":"https:\/\/colimdo.org\/noticias\/ceccato-la-meta-lograr-la-clasificacion-al-campeonato-mundial\/","title":{"rendered":"Ceccato: \u201cLa meta es lograr la clasificaci\u00f3n al campeonato mundial&#8221;"},"content":{"rendered":"<p style=\"font-weight: 400;\">DURANGO, M\u00e9xico, 20 de mayo de 2019.- En la v\u00edspera de la quinta Copa Panamericana de Voleibol Femenino Sub-18, los ocho entrenadores de los equipos dieron sus primeras impresiones sobre sus aspiraciones en el certamen que otorga dos plazas al Campeonato Mundial de la FIVB de la categor\u00eda.<\/p>\n<p style=\"font-weight: 400;\"><strong>Eduardo Guillaume, Chile:\u00a0<\/strong>\u201cVenimos con una mezcla de jugadoras U15 y U18, estamos formando un grupo nuevo en Chile. En noviembre el grupo tendr\u00e1 competencia U15 sudamericano y se busca que tenga rodaje, mientras que la de U18 viene trabajando fuerte desde el sudamericano, aproximadamente a\u00f1o y medio, con la meta en los Panamericanos 2023. Jugaremos de la mejor forma posible y tratar de ganar todos los partidos; son otros los equipos mejor perfilados para ganar la plaza al mundial\u201d.<\/p>\n<p style=\"font-weight: 400;\"><strong>Jaime Echeverr\u00eda, Cuba:\u00a0<\/strong>\u201cEl compromiso es clasificar al Mundial, vamos con todo. Preveo que ser\u00e1 una competencia bonita, muchos de los equipos ac\u00e1 se han preparado especialmente para este evento, muchos coincidieron en la estrategia de no utilizar a todas sus jugadoras para la copa sub-20. El an\u00e1lisis que hemos hecho y el estudio de los rivales, ser\u00e1 una competencia re\u00f1ida\u201d.<\/p>\n<p style=\"font-weight: 400;\"><strong>Alexandre Ceccato, Rep\u00fablica Dominicana:\u00a0<\/strong>\u201cLa meta es lograr la clasificaci\u00f3n al campeonato mundial. Cuba es uno de los rivales m\u00e1s fuertes ac\u00e1 y pienso que nuestra disputa m\u00e1s fuerte ser\u00e1 con M\u00e9xico (como anfitri\u00f3n ser\u00e1 complicado) y Puerto Rico. Hemos entrenado fuerte y parte del equipo viene de competir en la Copa Sub-20 de Per\u00fa\u201d.<\/p>\n<p style=\"font-weight: 400;\"><strong>William Fern\u00e1ndez, Guatemala:\u00a0<\/strong>\u201cEl objetivo es ganar experiencia; nuestro equipo es de baja estatura, por lo que ser\u00e1n unos juegos dif\u00edciles. Este equipo solo tiene tres integrantes nuevas distintas a las que compitieron en la Copa Panamericana Sub-20 que concluy\u00f3 has unos d\u00edas en Per\u00fa. Hemos trabajado en la moral del equipo porque los resultados no han sido los esperados. Esperamos que el enfrentamiento con nuestro rival directo de la zona (Honduras) sea positivo\u201d.<\/p>\n<p style=\"font-weight: 400;\"><strong>Catarine Leiva, Honduras:\u00a0<\/strong>\u201cPara nosotros este es un escal\u00f3n que estamos subiendo para ganar experiencia y preparar a nuestro equipo para los torneos de Centroam\u00e9rica, este es un s\u00faper fogueo. Este es un equipo novato, tienen un gran reto, pero tom\u00e9 la decisi\u00f3n de arriesgarme para que adquieran experiencia. Espec\u00edficamente en esta categor\u00eda somos campeonas de Afecavol por lo que la meta es mantener ese primer lugar en la regi\u00f3n.<\/p>\n<p style=\"font-weight: 400;\"><strong>Ricardo Ponce, M\u00e9xico:\u00a0<\/strong>\u201cSiempre ser sede ejerce presi\u00f3n pero tambi\u00e9n favorece en el \u00e1nimo de las jugadoras, el p\u00fablico juega un rol importante en el equipo, es muy positivo. Llevamos poco tiempo de trabajo con el grupo pero se ha tenido una buena concentraci\u00f3n, tienen muchas ganas de jugar y de deseosas de cumplir con M\u00e9xico y con sus expectativas individuales como jugadoras. El equipo es competitivo y dar\u00e1 garra en cada partido\u201d.<\/p>\n<p style=\"font-weight: 400;\"><strong>Natalia M\u00e1laga, Per\u00fa:\u00a0<\/strong>\u201cPienso que la competencia ser\u00e1 dura, mis chicas son impredecibles, lo que es normal para la edad, su inmadurez y falta de experiencia; s\u00e9 que pueden dar mucho pero todo se resume a la cabeza que pueden poner en cada juego. Mi equipo viene de haber jugado la Copa Panamericana Sub-20, han tenido un buen roce y para el ritmo en el que ven\u00edamos trabajando, se tuvo la oportunidad de competir a un nivel m\u00e1s fuerte\u201d.<\/p>\n<p style=\"font-weight: 400;\"><strong>Juan Carlos Rodr\u00edguez, Puerto Rico:\u00a0<\/strong>\u201cLa semana pasada estuvimos en Per\u00fa, que utilizamos como preparaci\u00f3n para este evento en el que buscamos la clasificaci\u00f3n, traigo ni\u00f1as menores de 16 a\u00f1os de edad que lograron adquirir una gran experiencia. Esperamos que al igual que en la edici\u00f3n 2014 de este torneo, logremos el boleto al Mundial\u201d.<\/p>\n","protected":false},"excerpt":{"rendered":"<p>DURANGO, M\u00e9xico, 20 de mayo de 2019.- En la v\u00edspera de la quinta Copa Panamericana de Voleibol Femenino Sub-18, los ocho entrenadores de los equipos dieron sus primeras impresiones sobre sus aspiraciones en el certamen que otorga dos plazas al Campeonato Mundial de la FIVB de la categor\u00eda. Eduardo Guillaume, Chile:\u00a0\u201cVenimos con una mezcla de [&hellip;]<\/p>\n","protected":false},"author":9,"featured_media":53875,"comment_status":"closed","ping_status":"closed","sticky":false,"template":"","format":"standard","meta":[],"categories":[2,60],"tags":[],"acf":[],"_links":{"self":[{"href":"https:\/\/colimdo.org\/wp-api\/wp\/v2\/posts\/53874"}],"collection":[{"href":"https:\/\/colimdo.org\/wp-api\/wp\/v2\/posts"}],"about":[{"href":"https:\/\/colimdo.org\/wp-api\/wp\/v2\/types\/post"}],"author":[{"embeddable":true,"href":"https:\/\/colimdo.org\/wp-api\/wp\/v2\/users\/9"}],"replies":[{"embeddable":true,"href":"https:\/\/colimdo.org\/wp-api\/wp\/v2\/comments?post=53874"}],"version-history":[{"count":1,"href":"https:\/\/colimdo.org\/wp-api\/wp\/v2\/posts\/53874\/revisions"}],"predecessor-version":[{"id":53876,"href":"https:\/\/colimdo.org\/wp-api\/wp\/v2\/posts\/53874\/revisions\/53876"}],"wp:featuredmedia":[{"embeddable":true,"href":"https:\/\/colimdo.org\/wp-api\/wp\/v2\/media\/53875"}],"wp:attachment":[{"href":"https:\/\/colimdo.org\/wp-api\/wp\/v2\/media?parent=53874"}],"wp:term":[{"taxonomy":"category","embeddable":true,"href":"https:\/\/colimdo.org\/wp-api\/wp\/v2\/categories?post=53874"},{"taxonomy":"post_tag","embeddable":true,"href":"https:\/\/colimdo.org\/wp-api\/wp\/v2\/tags?post=53874"}],"curies":[{"name":"wp","href":"https:\/\/api.w.org\/{rel}","templated":true}]}}