{"id":53877,"date":"2019-05-21T12:21:36","date_gmt":"2019-05-21T12:21:36","guid":{"rendered":"https:\/\/colimdo.org\/?p=53877"},"modified":"2019-05-21T12:21:36","modified_gmt":"2019-05-21T12:21:36","slug":"fedofutbol-informo-neveleff-no-dirigira-la-seleccion-dominicana","status":"publish","type":"post","link":"https:\/\/colimdo.org\/noticias\/fedofutbol-informo-neveleff-no-dirigira-la-seleccion-dominicana\/","title":{"rendered":"Fedofutbol inform\u00f3 que Neveleff no dirigir\u00e1 la selecci\u00f3n dominicana"},"content":{"rendered":"<p>La Federaci\u00f3n Dominicana de F\u00fatbol (Fedofutbol) inform\u00f3 que el argentino Marcelo Neveleff no asumir\u00e1 la direcci\u00f3n t\u00e9cnica de la selecci\u00f3n absoluta ni de la sub\u201923 como hab\u00eda sido anunciado el 9 de mayo pasado, debido a desacuerdos en lo relativo a la duraci\u00f3n de su contrato.<\/p>\n<p>As\u00ed lo dio a conocer el presidente de la Comisi\u00f3n de Normalizaci\u00f3n de Fedofutbol Manuel Luna, quien pidi\u00f3 excusas por haber anunciado la contrataci\u00f3n de Neveleff sin a\u00fan firmar el contrato con el t\u00e9cnico argentino.<\/p>\n<p>\u201cNo pudimos cerrar el contrato con el se\u00f1or Neveleff porque, a pesar de que hab\u00edamos hablado con \u00e9l de un contrato a cuatro a\u00f1os, le propusimos que firmara por un tiempo m\u00e1s corto, y luego de que en Fedofutbol asumiera un nuevo comit\u00e9 ejecutivo, que este ratificara el contrato por los cuatro a\u00f1os\u201d, dijo Luna a trav\u00e9s de un video.<\/p>\n<p>El directivo afirm\u00f3 que \u201cest\u00e1bamos ilusionados\u201d con la contrataci\u00f3n del argentino, quien, incluso, hab\u00eda reducido sus pretensiones econ\u00f3micas con el prop\u00f3sito de hacerse cargo de las selecciones superiores dominicanas.<\/p>\n<p>\u201cDesde ya estamos iniciando contactos con directores t\u00e9cnicos que se encuentran en Rep\u00fablica Dominicana, y hemos decidido contratar uno de manera interina, para que pueda afrontar los compromisos del pa\u00eds y que esa contrataci\u00f3n sea ratificada por el nuevo comit\u00e9 ejecutivo de Fedofutbol que saldr\u00e1 elegido este a\u00f1o\u201d, agreg\u00f3 Luna.<\/p>\n<div id=\"\" class=\"portlet-boundary portlet-static-end content-viewer-portlet last full-access norestricted\">\n<div class=\"text\">\n<div class=\"paragraph\">\n<p>Neveleff, de 55 a\u00f1os, es el segundo t\u00e9cnico del New England Revolution de la Liga Profesional de Estados Unidos.<\/p>\n<p>El argentino tambi\u00e9n hizo parte del cuerpo t\u00e9cnico de la selecci\u00f3n estadounidense sub\u201920 en 2016 y 2018. En 2016 trabaj\u00f3 junto a Jurgen Klinsmann en la selecci\u00f3n absoluta de Estados Unidos que disput\u00f3 la Copa Am\u00e9rica Centenario.<\/p>\n<p>Fedofutbol es dirigida interinamente por una Comisi\u00f3n de Normalizaci\u00f3n, luego de que en octubre de 2018 el Comit\u00e9 de \u00c9tica de la FIFA sancion\u00f3 por 10 a\u00f1os al entonces presidente de la entidad local, Osiris Guzm\u00e1n, por corrupci\u00f3n.<\/p>\n<p>La selecci\u00f3n absoluta de Rep\u00fablica Dominicana tiene previstos dos partidos amistosos con la de Cuba a comienzos de junio como preparaci\u00f3n para la Copa Oro<\/p>\n<p>Neveleff ser\u00eda el sustituto del uruguayo Orlando Capellino, quien fue destituido tras fracasar en llevar a la selecci\u00f3n dominicana a Copa Oro.<\/p>\n<\/div>\n<\/div>\n<\/div>\n<div id=\"\" class=\"portlet-boundary portlet-static-end adcontainer-portlet\"><\/div>\n","protected":false},"excerpt":{"rendered":"<p>La Federaci\u00f3n Dominicana de F\u00fatbol (Fedofutbol) inform\u00f3 que el argentino Marcelo Neveleff no asumir\u00e1 la direcci\u00f3n t\u00e9cnica de la selecci\u00f3n absoluta ni de la sub\u201923 como hab\u00eda sido anunciado el 9 de mayo pasado, debido a desacuerdos en lo relativo a la duraci\u00f3n de su contrato. As\u00ed lo dio a conocer el presidente de la [&hellip;]<\/p>\n","protected":false},"author":9,"featured_media":53878,"comment_status":"closed","ping_status":"closed","sticky":false,"template":"","format":"standard","meta":[],"categories":[2,60],"tags":[],"acf":[],"_links":{"self":[{"href":"https:\/\/colimdo.org\/wp-api\/wp\/v2\/posts\/53877"}],"collection":[{"href":"https:\/\/colimdo.org\/wp-api\/wp\/v2\/posts"}],"about":[{"href":"https:\/\/colimdo.org\/wp-api\/wp\/v2\/types\/post"}],"author":[{"embeddable":true,"href":"https:\/\/colimdo.org\/wp-api\/wp\/v2\/users\/9"}],"replies":[{"embeddable":true,"href":"https:\/\/colimdo.org\/wp-api\/wp\/v2\/comments?post=53877"}],"version-history":[{"count":1,"href":"https:\/\/colimdo.org\/wp-api\/wp\/v2\/posts\/53877\/revisions"}],"predecessor-version":[{"id":53879,"href":"https:\/\/colimdo.org\/wp-api\/wp\/v2\/posts\/53877\/revisions\/53879"}],"wp:featuredmedia":[{"embeddable":true,"href":"https:\/\/colimdo.org\/wp-api\/wp\/v2\/media\/53878"}],"wp:attachment":[{"href":"https:\/\/colimdo.org\/wp-api\/wp\/v2\/media?parent=53877"}],"wp:term":[{"taxonomy":"category","embeddable":true,"href":"https:\/\/colimdo.org\/wp-api\/wp\/v2\/categories?post=53877"},{"taxonomy":"post_tag","embeddable":true,"href":"https:\/\/colimdo.org\/wp-api\/wp\/v2\/tags?post=53877"}],"curies":[{"name":"wp","href":"https:\/\/api.w.org\/{rel}","templated":true}]}}