{"id":53892,"date":"2019-05-21T16:13:05","date_gmt":"2019-05-21T16:13:05","guid":{"rendered":"https:\/\/colimdo.org\/?p=53892"},"modified":"2019-05-21T16:13:05","modified_gmt":"2019-05-21T16:13:05","slug":"pabellon-la-fama-designa-miembros-comite-veteranos","status":"publish","type":"post","link":"https:\/\/colimdo.org\/noticias\/pabellon-la-fama-designa-miembros-comite-veteranos\/","title":{"rendered":"Pabell\u00f3n de la fama designa miembros en el Comit\u00e9 de Veteranos"},"content":{"rendered":"<p style=\"font-weight: 400;\"><strong>SANTO DOMINGO<\/strong>. El Pabell\u00f3n de la Fama del Deporte Dominicano design\u00f3 a cuatro inmortales como miembros del Comit\u00e9 de Veteranos.<\/p>\n<p style=\"font-weight: 400;\">Los nuevos integrantes de ese organismo son Bienvenido Solano, Tony Pi\u00f1a C\u00e1mpora y Rafael -Fey- Duquela, exaltados en el pasado reciente como propulsores, as\u00ed como Generoso montero, inmortalizado en la disciplina de karate.<\/p>\n<p style=\"font-weight: 400;\">Pi\u00f1a y Solano fueron exaltados en el 2018, Duquela en noviembre del 2018 y Montero fue elevado en el 2015.<\/p>\n<p style=\"font-weight: 400;\">La escogencia de P\u00ef\u00f1a C\u00e1mpora, Duquela, Solano y Montero viene a reforzar al comit\u00e9 de Veteranos y dinamizar a\u00fan m\u00e1s el trabajo que realizan los responsables de la elecci\u00f3n de los propulsores y a los ex atletas hasta con d\u00e9cadas de haberse marchado de los escenarios deportivos.<\/p>\n<p style=\"font-weight: 400;\">Fueron juramentados por el presidente del Comit\u00e9 Permanente del Pabell\u00f3n de la Fama, Dionicio Guzm\u00e1n, durante un acto celebrado en el sal\u00f3n de reuniones de la instituci\u00f3n con sede en el Centro Ol\u00edmpico Juan Pablo Duarte.<\/p>\n<p style=\"font-weight: 400;\">El doctor Guzm\u00e1n felicit\u00f3 a los nuevos miembros y les exhort\u00f3 a rendir una labor igual de positiva como la que han venido realizando los miembros integrantes del Comit\u00e9 de Veteranos.<\/p>\n<p style=\"font-weight: 400;\">Destac\u00f3 el nivel de profesionalidad que adorna a Pi\u00f1a C\u00e1mpora, Duquela, Montero y Solano. Tony Pi\u00f1a ser\u00e1 el primer ex presidente del Pabell\u00f3n de la Fama, que luego de ser inmortalizado, es escogido para formar parte del Comit\u00e9 de Veteranos.<\/p>\n<p style=\"font-weight: 400;\">Los inmortales promovidos agradecieron la designaci\u00f3n y se comprometieron a trabajar palmo a palmo con los miembros que desde hace a\u00f1o tienen la responsabilidad de evaluar y votar por dos deportistas para la inmortalidad.<\/p>\n<p style=\"font-weight: 400;\">El Comit\u00e9 de Veteranos es presidido por el inmortal Julio Mon Nadal y ex basketbolista, exaltado en el ceremonial de 1990.<\/p>\n<p style=\"font-weight: 400;\">Tambi\u00e9n forman parte del mismo Maricela Peralta (atletismo), inmortalizada en 1995; Celina S\u00e1nchez, en 1983 en voleibol; Juan Ortiz (Pi\u00f1ao), en 1990 en b\u00e9isbol amateur; los propulsores Rafael -Papo- Germes (atletismo-2002), Faisal Abel (basket-1984), Mois\u00e9s Lembert (b\u00e9isbol-2004), Amaury Cordero (levantamiento de pesas-1987) y Juan Chalas (judo, en 2003).<\/p>\n<p style=\"font-weight: 400;\">Durante la juramentaci\u00f3n, Guzm\u00e1n estuvo acompa\u00f1ado por los miembros del Comit\u00e9 Permanente del Pabell\u00f3n de la Fama,\u00a0Atilio de Fr\u00edas, Jos\u00e9 Rodr\u00edguez Conde, Marisela Peralta, Niurca Herrera y Magnolia Concepci\u00f3n.<\/p>\n","protected":false},"excerpt":{"rendered":"<p>SANTO DOMINGO. El Pabell\u00f3n de la Fama del Deporte Dominicano design\u00f3 a cuatro inmortales como miembros del Comit\u00e9 de Veteranos. Los nuevos integrantes de ese organismo son Bienvenido Solano, Tony Pi\u00f1a C\u00e1mpora y Rafael -Fey- Duquela, exaltados en el pasado reciente como propulsores, as\u00ed como Generoso montero, inmortalizado en la disciplina de karate. Pi\u00f1a y [&hellip;]<\/p>\n","protected":false},"author":9,"featured_media":53893,"comment_status":"closed","ping_status":"closed","sticky":false,"template":"","format":"standard","meta":[],"categories":[2,60],"tags":[],"acf":[],"_links":{"self":[{"href":"https:\/\/colimdo.org\/wp-api\/wp\/v2\/posts\/53892"}],"collection":[{"href":"https:\/\/colimdo.org\/wp-api\/wp\/v2\/posts"}],"about":[{"href":"https:\/\/colimdo.org\/wp-api\/wp\/v2\/types\/post"}],"author":[{"embeddable":true,"href":"https:\/\/colimdo.org\/wp-api\/wp\/v2\/users\/9"}],"replies":[{"embeddable":true,"href":"https:\/\/colimdo.org\/wp-api\/wp\/v2\/comments?post=53892"}],"version-history":[{"count":1,"href":"https:\/\/colimdo.org\/wp-api\/wp\/v2\/posts\/53892\/revisions"}],"predecessor-version":[{"id":53894,"href":"https:\/\/colimdo.org\/wp-api\/wp\/v2\/posts\/53892\/revisions\/53894"}],"wp:featuredmedia":[{"embeddable":true,"href":"https:\/\/colimdo.org\/wp-api\/wp\/v2\/media\/53893"}],"wp:attachment":[{"href":"https:\/\/colimdo.org\/wp-api\/wp\/v2\/media?parent=53892"}],"wp:term":[{"taxonomy":"category","embeddable":true,"href":"https:\/\/colimdo.org\/wp-api\/wp\/v2\/categories?post=53892"},{"taxonomy":"post_tag","embeddable":true,"href":"https:\/\/colimdo.org\/wp-api\/wp\/v2\/tags?post=53892"}],"curies":[{"name":"wp","href":"https:\/\/api.w.org\/{rel}","templated":true}]}}