{"id":53898,"date":"2019-05-21T18:06:48","date_gmt":"2019-05-21T18:06:48","guid":{"rendered":"https:\/\/colimdo.org\/?p=53898"},"modified":"2019-05-21T18:06:48","modified_gmt":"2019-05-21T18:06:48","slug":"demare-gana-decima-etapa-del-giro-conti-sigue-lider","status":"publish","type":"post","link":"https:\/\/colimdo.org\/noticias\/demare-gana-decima-etapa-del-giro-conti-sigue-lider\/","title":{"rendered":"Demare gana d\u00e9cima etapa del Giro, pero Conti sigue de l\u00edder"},"content":{"rendered":"<p>M\u00d3DENA, Italia (AP) \u2014 El franc\u00e9s Arnaud Demare domin\u00f3 el sprint final para ganar el martes la d\u00e9cima etapa del Giro de Italia, en el que el italiano Valerio Conti retuvo la camiseta de l\u00edder.<\/p>\n<p>Demare, del equipo Groupama-FDJ, super\u00f3 a Elia Viviani y Rudiger Selig en un pelot\u00f3n que se desprendi\u00f3 hacia el final de una ruta llana de 145 kil\u00f3metros (90 millas) de Ravena a M\u00f3dena.<\/p>\n<p>\u201cVinimos al Giro para esto. Yo realmente quer\u00eda ganar una etapa y lo logr\u00e9\u201d, dijo Demare. \u201cEvit\u00e9 el choque porque como equipo est\u00e1bamos muy bien posicionados. Estoy muy feliz\u201d.<\/p>\n<p>Un choque en el \u00faltimo kil\u00f3metro acab\u00f3 con las esperanzas de Pascal Ackermann de ganar una tercera etapa en este Giro. El alem\u00e1n termin\u00f3 la etapa con la camiseta y los pantalones destrozados.<\/p>\n<p>Ackermann pareci\u00f3 chocar ruedas con el ciclista delante de \u00e9l, lo que provoc\u00f3 su ca\u00edda y las de otros.<\/p>\n<p>La lesi\u00f3n m\u00e1s severa fue sufrida por Matteo Moschetti, que perdi\u00f3 brevemente el conocimiento. Sus compa\u00f1eros del equipo Trek-Segafredo y otros ciclistas llamaron fren\u00e9ticamente a los param\u00e9dicos y Moschetti trat\u00f3 de levantarse pero se tuvo que sentar de nuevo.<\/p>\n<p>El ciclista de 22 a\u00f1os fue llevado a un hospital.<\/p>\n<p>Como el choque ocurri\u00f3 en los \u00faltimos tres kil\u00f3metros no hubo concesiones de tiempo. Conti sigui\u00f3 1 minuto y 50 segundos delante del esloveno Primoz Roglic y 2:21 sobre el franc\u00e9s Nans Peters.<\/p>\n<p>\u201cNo fue un d\u00eda dif\u00edcil, pero como todos vimos, el peligro est\u00e1 siempre a la vuelta de la esquina\u201d, dijo Conti. Por suerte consegu\u00ed evitar todos los choques. Fue bien, otro d\u00eda con la camiseta rosa es raz\u00f3n para orgullo\u201d.<\/p>\n<p>El mi\u00e9rcoles se corre la 11ma etapa, un tramo llano de 221 kil\u00f3metros de Carpi a Novi Ligure.<\/p>\n<p>El Giro finaliza el 2 de junio en Verona.<\/p>\n","protected":false},"excerpt":{"rendered":"<p>M\u00d3DENA, Italia (AP) \u2014 El franc\u00e9s Arnaud Demare domin\u00f3 el sprint final para ganar el martes la d\u00e9cima etapa del Giro de Italia, en el que el italiano Valerio Conti retuvo la camiseta de l\u00edder. Demare, del equipo Groupama-FDJ, super\u00f3 a Elia Viviani y Rudiger Selig en un pelot\u00f3n que se desprendi\u00f3 hacia el final [&hellip;]<\/p>\n","protected":false},"author":9,"featured_media":53899,"comment_status":"closed","ping_status":"closed","sticky":false,"template":"","format":"standard","meta":[],"categories":[2,60],"tags":[],"acf":[],"_links":{"self":[{"href":"https:\/\/colimdo.org\/wp-api\/wp\/v2\/posts\/53898"}],"collection":[{"href":"https:\/\/colimdo.org\/wp-api\/wp\/v2\/posts"}],"about":[{"href":"https:\/\/colimdo.org\/wp-api\/wp\/v2\/types\/post"}],"author":[{"embeddable":true,"href":"https:\/\/colimdo.org\/wp-api\/wp\/v2\/users\/9"}],"replies":[{"embeddable":true,"href":"https:\/\/colimdo.org\/wp-api\/wp\/v2\/comments?post=53898"}],"version-history":[{"count":1,"href":"https:\/\/colimdo.org\/wp-api\/wp\/v2\/posts\/53898\/revisions"}],"predecessor-version":[{"id":53900,"href":"https:\/\/colimdo.org\/wp-api\/wp\/v2\/posts\/53898\/revisions\/53900"}],"wp:featuredmedia":[{"embeddable":true,"href":"https:\/\/colimdo.org\/wp-api\/wp\/v2\/media\/53899"}],"wp:attachment":[{"href":"https:\/\/colimdo.org\/wp-api\/wp\/v2\/media?parent=53898"}],"wp:term":[{"taxonomy":"category","embeddable":true,"href":"https:\/\/colimdo.org\/wp-api\/wp\/v2\/categories?post=53898"},{"taxonomy":"post_tag","embeddable":true,"href":"https:\/\/colimdo.org\/wp-api\/wp\/v2\/tags?post=53898"}],"curies":[{"name":"wp","href":"https:\/\/api.w.org\/{rel}","templated":true}]}}