{"id":53920,"date":"2019-05-21T23:26:48","date_gmt":"2019-05-21T23:26:48","guid":{"rendered":"https:\/\/colimdo.org\/?p=53920"},"modified":"2019-05-21T23:26:48","modified_gmt":"2019-05-21T23:26:48","slug":"felix-fermin-nuevo-dirigente-rieleros-aguascalientes-mexico","status":"publish","type":"post","link":"https:\/\/colimdo.org\/noticias\/felix-fermin-nuevo-dirigente-rieleros-aguascalientes-mexico\/","title":{"rendered":"F\u00e9lix Ferm\u00edn es el nuevo dirigente de Rieleros de Aguascalientes en M\u00e9xico"},"content":{"rendered":"<p>AGENCIAS. El dominicano F\u00e9lix Ferm\u00edn fue nombrado al frente de los Rieleros, esto tras la baja del cubano Joe \u00c1lvarez. La directiva del Club Rieleros de Aguascalientes inform\u00f3, que a partir de la serie que inicia este martes en el estadio Alberto Romo Ch\u00e1vez ante los Pericos de Puebla, un nuevo m\u00e1nager manejar\u00e1 los destinos de la M\u00e1quina; el dominicano F\u00e9lix Ferm\u00edn.<\/p>\n<p>Es un manager con vasta experiencia en el b\u00e9isbol mexicano y en la pelota invernal de su pa\u00eds. Lleg\u00f3 a nuestro pa\u00eds por primera ocasi\u00f3n en la Temporada 2007 para dirigir a los Sultanes de Monterrey, llev\u00e1ndolos hasta el campeonato de la Liga Mexicana.<\/p>\n<p>Ferm\u00edn regres\u00f3 a nuestro pa\u00eds para hacerse cargo de los Delfines del Carmen (2012-15). Posteriormente tuvo una segunda etapa con los Sultanes (2015-17) y los Tecolotes de los Dos Laredos (2018-19).<\/p>\n<p>Tambi\u00e9n ha dirigido en el invierno mexicano, en el 2018 concluy\u00f3 la temporada con Los \u00c1guilas de Mexicali y con los Charros de Jalisco un periodo breve en 2016, segun binoticias.com.<\/p>\n<p>En la pelota de invierno en la Rep\u00fablica Dominicana, Ferm\u00edn ha conseguido cinco t\u00edtulos con las \u00c1guilas Cibae\u00f1as entre el a\u00f1o 2000 y el 2007 y es en la historia del equipo el m\u00e1nager que m\u00e1s campeonatos le ha dado a los cibae\u00f1os.<\/p>\n","protected":false},"excerpt":{"rendered":"<p>F\u00e9lix Ferm\u00edn fue nombrado al frente de los Rieleros, esto tras la baja del cubano Joe \u00c1lvarez.<\/p>\n","protected":false},"author":16,"featured_media":53921,"comment_status":"closed","ping_status":"closed","sticky":false,"template":"","format":"standard","meta":[],"categories":[2,60],"tags":[],"acf":[],"_links":{"self":[{"href":"https:\/\/colimdo.org\/wp-api\/wp\/v2\/posts\/53920"}],"collection":[{"href":"https:\/\/colimdo.org\/wp-api\/wp\/v2\/posts"}],"about":[{"href":"https:\/\/colimdo.org\/wp-api\/wp\/v2\/types\/post"}],"author":[{"embeddable":true,"href":"https:\/\/colimdo.org\/wp-api\/wp\/v2\/users\/16"}],"replies":[{"embeddable":true,"href":"https:\/\/colimdo.org\/wp-api\/wp\/v2\/comments?post=53920"}],"version-history":[{"count":1,"href":"https:\/\/colimdo.org\/wp-api\/wp\/v2\/posts\/53920\/revisions"}],"predecessor-version":[{"id":53922,"href":"https:\/\/colimdo.org\/wp-api\/wp\/v2\/posts\/53920\/revisions\/53922"}],"wp:featuredmedia":[{"embeddable":true,"href":"https:\/\/colimdo.org\/wp-api\/wp\/v2\/media\/53921"}],"wp:attachment":[{"href":"https:\/\/colimdo.org\/wp-api\/wp\/v2\/media?parent=53920"}],"wp:term":[{"taxonomy":"category","embeddable":true,"href":"https:\/\/colimdo.org\/wp-api\/wp\/v2\/categories?post=53920"},{"taxonomy":"post_tag","embeddable":true,"href":"https:\/\/colimdo.org\/wp-api\/wp\/v2\/tags?post=53920"}],"curies":[{"name":"wp","href":"https:\/\/api.w.org\/{rel}","templated":true}]}}