{"id":53934,"date":"2019-05-21T23:43:46","date_gmt":"2019-05-21T23:43:46","guid":{"rendered":"https:\/\/colimdo.org\/?p=53934"},"modified":"2019-05-21T23:43:46","modified_gmt":"2019-05-21T23:43:46","slug":"reiteran-compromiso-celebrar-juegos-escolares-monte-plata-este-ano","status":"publish","type":"post","link":"https:\/\/colimdo.org\/noticias\/reiteran-compromiso-celebrar-juegos-escolares-monte-plata-este-ano\/","title":{"rendered":"Reiteran compromiso celebrar Juegos Escolares en Monte Plata este a\u00f1o"},"content":{"rendered":"<p>SANTO DOMINGO.- El director ejecutivo del Instituto Nacional de Educaci\u00f3n F\u00edsica (INEFI), ingeniero Jorge Minaya, reiter\u00f3 el compromiso de celebrar los pr\u00f3ximos Juegos Escolares Deportivos Nacionales en la provincia Monte Plata, para lo cual la instituci\u00f3n que representa solicit\u00f3 los recursos econ\u00f3micos necesarios, al tiempo que anunci\u00f3 que en los pr\u00f3ximos d\u00edas dar\u00e1n a conocer el comit\u00e9 organizador.<\/p>\n<p>Adem\u00e1s, Minaya dijo que sostuvo una interesante y provechosa reuni\u00f3n con el senador de la provincia Monte Plata, Charlie Mariotti, en las que acordaron dar seguimiento al proceso de organizaci\u00f3n de la justa atl\u00e9tica escolar.<\/p>\n<p>\u201cLas construcciones y reparaciones de las obras deportivas en la provincia de Monte Plata las har\u00e1 el Ministerio de Educaci\u00f3n y eso nos quita una de las cargas econ\u00f3micas m\u00e1s \u00e1lgida de la cita atl\u00e9tica\u201d, coment\u00f3 Minaya.<\/p>\n<p>En reuni\u00f3n con los directores zonales del INEFI, el funcionario educativo manifest\u00f3 que la instituci\u00f3n solicit\u00f3 los fondos necesarios para llevar a cabo la tradicional competencia del sistema educativo dominicano, y que en los pr\u00f3ximos d\u00edas conformar\u00e1n el Comit\u00e9 Organizador del evento.<\/p>\n<p>Monte Plata logr\u00f3 la asignaci\u00f3n de la sede de los IX Juegos Escolares Deportivos Nacionales durante la cita correspondiente a la provincia de Santo Domingo, durante la ceremonia de clausura del evento, el 10 de diciembre de 2017.<\/p>\n","protected":false},"excerpt":{"rendered":"<p>El director ejecutivo del Instituto Nacional de Educaci\u00f3n F\u00edsica (INEFI), ingeniero Jorge Minaya, reiter\u00f3 el compromiso de celebrar los pr\u00f3ximos Juegos Escolares Deportivos Nacionales en la provincia Monte Plata, para lo cual la instituci\u00f3n que representa solicit\u00f3 los recursos econ\u00f3micos necesarios, al tiempo que anunci\u00f3 que en los pr\u00f3ximos d\u00edas dar\u00e1n a conocer el comit\u00e9 organizador.<\/p>\n","protected":false},"author":16,"featured_media":53935,"comment_status":"closed","ping_status":"closed","sticky":false,"template":"","format":"standard","meta":[],"categories":[2,60],"tags":[],"acf":[],"_links":{"self":[{"href":"https:\/\/colimdo.org\/wp-api\/wp\/v2\/posts\/53934"}],"collection":[{"href":"https:\/\/colimdo.org\/wp-api\/wp\/v2\/posts"}],"about":[{"href":"https:\/\/colimdo.org\/wp-api\/wp\/v2\/types\/post"}],"author":[{"embeddable":true,"href":"https:\/\/colimdo.org\/wp-api\/wp\/v2\/users\/16"}],"replies":[{"embeddable":true,"href":"https:\/\/colimdo.org\/wp-api\/wp\/v2\/comments?post=53934"}],"version-history":[{"count":1,"href":"https:\/\/colimdo.org\/wp-api\/wp\/v2\/posts\/53934\/revisions"}],"predecessor-version":[{"id":53936,"href":"https:\/\/colimdo.org\/wp-api\/wp\/v2\/posts\/53934\/revisions\/53936"}],"wp:featuredmedia":[{"embeddable":true,"href":"https:\/\/colimdo.org\/wp-api\/wp\/v2\/media\/53935"}],"wp:attachment":[{"href":"https:\/\/colimdo.org\/wp-api\/wp\/v2\/media?parent=53934"}],"wp:term":[{"taxonomy":"category","embeddable":true,"href":"https:\/\/colimdo.org\/wp-api\/wp\/v2\/categories?post=53934"},{"taxonomy":"post_tag","embeddable":true,"href":"https:\/\/colimdo.org\/wp-api\/wp\/v2\/tags?post=53934"}],"curies":[{"name":"wp","href":"https:\/\/api.w.org\/{rel}","templated":true}]}}