{"id":53937,"date":"2019-05-21T23:49:31","date_gmt":"2019-05-21T23:49:31","guid":{"rendered":"https:\/\/colimdo.org\/?p=53937"},"modified":"2019-05-21T23:49:31","modified_gmt":"2019-05-21T23:49:31","slug":"junior-firpo-asegura-nunca-cerraria-puertas-la-seleccion-dominicana","status":"publish","type":"post","link":"https:\/\/colimdo.org\/noticias\/junior-firpo-asegura-nunca-cerraria-puertas-la-seleccion-dominicana\/","title":{"rendered":"Junior Firpo asegura que \u201cnunca\u201d cerrar\u00eda puertas de la selecci\u00f3n dominicana"},"content":{"rendered":"<p class=\"DETALLE_N_titulo \">WASHINGTON- El jugador dominicano del Real Betis, Junior Firpo, asegur\u00f3 este martes que \u201cnunca\u201d cerrar\u00eda las puertas a una posible convocatoria de la selecci\u00f3n de la Rep\u00fablica Dominicana, aunque dijo que \u201cpor ahora\u201d le interesa m\u00e1s jugar con Espa\u00f1a porque tiene un mayor nivel competitivo.<\/p>\n<div id=\"texto\" class=\"texto_txt\">\n<div class=\"DETALLE_N_texto \">\n<p><span id=\"ctl14_lblMostra\">\u201cYo por ahora estoy jugando con Espa\u00f1a y es d\u00f3nde quiero jugar porque creo que as\u00ed aumenta mi nivel competitivo, pero nunca estoy cerrado a las puertas de la selecci\u00f3n dominicana, que tienen los brazos abiertos y me demuestran mucho cari\u00f1o\u201d, dijo a Efe Junior en el Estadio Audi de Washington.<\/span><\/p>\n<p>Junior (Santo Domingo, 1996) ha sido recientemente incluido en la lista previa de la selecci\u00f3n espa\u00f1ola para el Campeonato de Europa sub 21, que se jugar\u00e1 entre el 14 y el 30 de junio en Italia.<\/p>\n<p>Pese a que jugar con las categor\u00edas inferiores de Espa\u00f1a no le imposibilita hacerlo con Rep\u00fablica Dominicana, una hipot\u00e9tica llamada de la absoluta espa\u00f1ola s\u00ed le cerrar\u00eda las puertas del combinado caribe\u00f1o.<\/p>\n<p>El lateral izquierdo dese\u00f3 suerte a los jugadores de la selecci\u00f3n de Rep\u00fablica Dominicana con miras a pr\u00f3ximos compromisos y dijo que \u201cojal\u00e1\u201d se clasifiquen para la pr\u00f3xima Copa Oro de la Concacaf, que disputan selecciones de Norteam\u00e9rica, Centroam\u00e9rica y el Caribe.<\/p>\n<p>\u201cEs un orgullo tremendo para m\u00ed como dominicano (jugar en La Liga espa\u00f1ola). Hay otros dominicanos en la liga, pero no han nacido en el pa\u00eds. Es un orgullo muy grande llevar al f\u00fatbol dominicano a la liga espa\u00f1ola y que me sigan tantos dominicanos\u201d, agreg\u00f3.<\/p>\n<p>Respecto al partido que enfrentar\u00e1 este mi\u00e9rcoles al Betis y el DC United, cuya estrella es el internacional ingl\u00e9s Wayne Rooney, Junior prev\u00e9 un encuentro \u201ccompetido y lo m\u00e1s limpio posible\u201d.<\/p>\n<p>\u201cEspero que podamos darle otra alegr\u00eda a la afici\u00f3n. Sabemos que es un equipo competitivo, que est\u00e1n segundos en su liga y que est\u00e1n luchando por ganar el torneo aqu\u00ed en su conferencia\u201d, analiz\u00f3.<\/p>\n<p>En su \u00faltimo partido de liga esta temporada, el Betis venci\u00f3 al Real Madrid en el Bernab\u00e9u (0-2) y termin\u00f3 en la d\u00e9cima posici\u00f3n del campeonato, a tres puntos de clasificaciones europeas.<\/p>\n<p>En este sentido, Junior reconoci\u00f3 que no se hab\u00eda cumplido el objetivo de la temporada, pero vaticin\u00f3 que el a\u00f1o que viene el equipo \u201cintentar\u00e1 que sea una temporada muy bonita para devolver la ilusi\u00f3n a la afici\u00f3n\u201d b\u00e9tica.<\/p>\n<p>Despu\u00e9s del \u00faltimo encuentro, el Betis y el hasta entonces entrenador, Quique Seti\u00e9n, anunciaron que el preparador decidi\u00f3 no continuar al frente del proyecto, a pesar de que le quedaba un a\u00f1o de contrato.<\/p>\n<p>\u201cIntentar\u00e9 convencer al entrenador que venga, al igual que hice con Quique, y encajar en su estilo de juego y dar lo m\u00e1ximo cada d\u00eda para que me d\u00e9 las mismas oportunidades\u201d, zanj\u00f3 Junior.<\/p>\n<\/div>\n<\/div>\n","protected":false},"excerpt":{"rendered":"<p>El jugador dominicano del Real Betis, Junior Firpo, asegur\u00f3 este martes que \u201cnunca\u201d cerrar\u00eda las puertas a una posible convocatoria de la selecci\u00f3n de la Rep\u00fablica Dominicana, aunque dijo que \u201cpor ahora\u201d le interesa m\u00e1s jugar con Espa\u00f1a porque tiene un mayor nivel competitivo.<\/p>\n","protected":false},"author":16,"featured_media":53938,"comment_status":"closed","ping_status":"closed","sticky":false,"template":"","format":"standard","meta":[],"categories":[2,60],"tags":[],"acf":[],"_links":{"self":[{"href":"https:\/\/colimdo.org\/wp-api\/wp\/v2\/posts\/53937"}],"collection":[{"href":"https:\/\/colimdo.org\/wp-api\/wp\/v2\/posts"}],"about":[{"href":"https:\/\/colimdo.org\/wp-api\/wp\/v2\/types\/post"}],"author":[{"embeddable":true,"href":"https:\/\/colimdo.org\/wp-api\/wp\/v2\/users\/16"}],"replies":[{"embeddable":true,"href":"https:\/\/colimdo.org\/wp-api\/wp\/v2\/comments?post=53937"}],"version-history":[{"count":1,"href":"https:\/\/colimdo.org\/wp-api\/wp\/v2\/posts\/53937\/revisions"}],"predecessor-version":[{"id":53939,"href":"https:\/\/colimdo.org\/wp-api\/wp\/v2\/posts\/53937\/revisions\/53939"}],"wp:featuredmedia":[{"embeddable":true,"href":"https:\/\/colimdo.org\/wp-api\/wp\/v2\/media\/53938"}],"wp:attachment":[{"href":"https:\/\/colimdo.org\/wp-api\/wp\/v2\/media?parent=53937"}],"wp:term":[{"taxonomy":"category","embeddable":true,"href":"https:\/\/colimdo.org\/wp-api\/wp\/v2\/categories?post=53937"},{"taxonomy":"post_tag","embeddable":true,"href":"https:\/\/colimdo.org\/wp-api\/wp\/v2\/tags?post=53937"}],"curies":[{"name":"wp","href":"https:\/\/api.w.org\/{rel}","templated":true}]}}