{"id":53944,"date":"2019-05-22T00:03:41","date_gmt":"2019-05-22T00:03:41","guid":{"rendered":"https:\/\/colimdo.org\/?p=53944"},"modified":"2019-05-22T00:03:41","modified_gmt":"2019-05-22T00:03:41","slug":"futbol-femenino-trabaja-mirando-hacia-futuro","status":"publish","type":"post","link":"https:\/\/colimdo.org\/noticias\/futbol-femenino-trabaja-mirando-hacia-futuro\/","title":{"rendered":"El f\u00fatbol femenino trabaja mirando hacia el futuro"},"content":{"rendered":"<p>SANTO DOMINGO.- Los entrenamientos de la Selecci\u00f3n Femenina de F\u00fatbol en las categor\u00edas U-15 y U-17 son una especie de clases de educaci\u00f3n b\u00e1sica, un proceso a largo plazo en busca del aprendizaje que cree h\u00e1bitos de buen f\u00fatbol.<\/p>\n<p>Keneth Szeremeta tiene la experiencia de trabajar proyectos femeninos juveniles. El paname\u00f1o-venezolano es un educador y desarrollador con una vocaci\u00f3n que salta a la vista.<\/p>\n<p>\u201cNos hemos encontrado con una merma de competencias en el \u00faltimo a\u00f1o y medio. No estaban jugando y eso provoca una t\u00e9cnica b\u00e1sica deficiente que estamos trabajando para corregir\u201d, explic\u00f3 Szeremeta, quien llev\u00f3 a Venezuela al Mundial Femenino U-17 en 2010, 2014 y 2016.<\/p>\n<p>Szremeta hizo un levantamiento nacional para lograr su preselecci\u00f3n U-17, la cual prepara para la ronda de clasificaci\u00f3n del Campeonato Concacaf femenino de la categor\u00eda, a celebrarse del 17 al 25 de agosto del presente a\u00f1o, como primer paso para la clasificaci\u00f3n al Mundial del 2020.<\/p>\n<p>\u201cPrimero fijamos zonas geogr\u00e1ficas donde hay desarrollo y fuimos all\u00ed a ver el talento\u201d, relat\u00f3 Szeremeta. Santo Domingo, Distrito Nacional, San Crist\u00f3bal, Mao, Moca, Nagua, La Romana y Santiago estuvieron entre las provincias visitadas.<\/p>\n<p>Katherine Mej\u00eda Ricard es madre de Kamilah. \u201cMi hija tiene varios a\u00f1os en este proceso de la selecci\u00f3n pero esta vez se nota una diferencia grande, desde la forma de entrenar, la responsabilidad, concientizaci\u00f3n del ejercicio, alimentaci\u00f3n e hidrataci\u00f3n. Se nota un proceso mas profesional en el entrenamiento\u201d, opin\u00f3.<\/p>\n<p>\u201cAprendemos cosas nuevas en cada entrenamiento. Tocar el bal\u00f3n, comunicarnos y muchas cosas m\u00e1s\u201d, expresa Kamilah, estudiante del colegio Saint Jhosep.<\/p>\n<p>Janine D\u00edaz es de Santiago y tiene apenas 14 a\u00f1os. \u201cEs un orgullo representar mi pa\u00eds y compartir con mis compa\u00f1eras. Estoy aprendiendo mucho y disfrutando\u201d, proclam\u00f3 la canterana de Cibao FC.<\/p>\n<p>Yuneilin es de Mao e hija del entrenador Junior Balbuena. \u201cEstamos trabajando el f\u00edsico y la resistencia del equipo. Es un momento para aprender\u201d, manifest\u00f3.<\/p>\n","protected":false},"excerpt":{"rendered":"<p> Los entrenamientos de la Selecci\u00f3n Femenina de F\u00fatbol en las categor\u00edas U-15 y U-17 son una especie de clases de educaci\u00f3n b\u00e1sica, un proceso a largo plazo en busca del aprendizaje que cree h\u00e1bitos de buen f\u00fatbol.<\/p>\n","protected":false},"author":16,"featured_media":53945,"comment_status":"closed","ping_status":"closed","sticky":false,"template":"","format":"standard","meta":[],"categories":[2,60],"tags":[],"acf":[],"_links":{"self":[{"href":"https:\/\/colimdo.org\/wp-api\/wp\/v2\/posts\/53944"}],"collection":[{"href":"https:\/\/colimdo.org\/wp-api\/wp\/v2\/posts"}],"about":[{"href":"https:\/\/colimdo.org\/wp-api\/wp\/v2\/types\/post"}],"author":[{"embeddable":true,"href":"https:\/\/colimdo.org\/wp-api\/wp\/v2\/users\/16"}],"replies":[{"embeddable":true,"href":"https:\/\/colimdo.org\/wp-api\/wp\/v2\/comments?post=53944"}],"version-history":[{"count":1,"href":"https:\/\/colimdo.org\/wp-api\/wp\/v2\/posts\/53944\/revisions"}],"predecessor-version":[{"id":53946,"href":"https:\/\/colimdo.org\/wp-api\/wp\/v2\/posts\/53944\/revisions\/53946"}],"wp:featuredmedia":[{"embeddable":true,"href":"https:\/\/colimdo.org\/wp-api\/wp\/v2\/media\/53945"}],"wp:attachment":[{"href":"https:\/\/colimdo.org\/wp-api\/wp\/v2\/media?parent=53944"}],"wp:term":[{"taxonomy":"category","embeddable":true,"href":"https:\/\/colimdo.org\/wp-api\/wp\/v2\/categories?post=53944"},{"taxonomy":"post_tag","embeddable":true,"href":"https:\/\/colimdo.org\/wp-api\/wp\/v2\/tags?post=53944"}],"curies":[{"name":"wp","href":"https:\/\/api.w.org\/{rel}","templated":true}]}}