{"id":53989,"date":"2019-05-22T18:49:51","date_gmt":"2019-05-22T18:49:51","guid":{"rendered":"https:\/\/colimdo.org\/?p=53989"},"modified":"2019-05-22T18:49:51","modified_gmt":"2019-05-22T18:49:51","slug":"acusan-ejecutivo-bein-caso-corrupcion-francia","status":"publish","type":"post","link":"https:\/\/colimdo.org\/noticias\/acusan-ejecutivo-bein-caso-corrupcion-francia\/","title":{"rendered":"Acusan a ejecutivo de BeIN en caso de corrupci\u00f3n en Francia"},"content":{"rendered":"<div class=\"Article\" data-key=\"article\">\n<p>PAR\u00cdS (AP) \u2014 El director general de la empresa de medios beIN fue acusado de cargos preliminares de corrupci\u00f3n dentro de la investigaci\u00f3n sobre el proceso de licitaci\u00f3n del Mundial de atletismo en Qatar, dijo el mi\u00e9rcoles un funcionario judicial.<\/p>\n<p>El funcionario confirm\u00f3 que Yousel Al-Obaidly fue acusado el 28 de marzo y que el expresidente de la IAAF Lamine Diack tambi\u00e9n fue acusado de cargos preliminares de \u201ccorrupci\u00f3n pasiva\u201d en el mismo caso.<\/p>\n<p>El funcionario habl\u00f3 con The Associated Press con la condici\u00f3n de anonimato porque el caso sigue pendiente.<\/p>\n<p>Aliado cercano de Nasser Al-Khelaifi, presidente del Paris Saint-Germain y de beIN, Al-Obaidly tambi\u00e9n es miembro de la junta del club de f\u00fatbol franc\u00e9s. Niega haber obrado mal.<\/p>\n<p>\u201cParticip\u00e9 de manera voluntaria en una reuni\u00f3n asignada como parte de una investigaci\u00f3n preliminar\u201d, dijo Al-Obaidly en un comunicado. \u201cLas acusaciones en mi contra no solo carecen de base alguna ni han sido corroboradas sino que tambi\u00e9n han sido &#8211; incre\u00edblemente &#8211; filtradas a la prensa. Para evitar cualquier duda, estas acusaciones son completa y categ\u00f3ricamente rechazadas y ser\u00e1n confrontadas vehementemente usando todo el peso de la ley\u201d.<\/p>\n<p>En noviembre del 2016, el diario Le Monde obtuvo documentos que muestra que un exfuncionario del IAAF recibi\u00f3 dos pagos por un total de unos 3,5 millones de d\u00f3lares de inversionistas qatar\u00edes antes de la votaci\u00f3n por la sede del Mundial de atletismo de 2017.<\/p>\n<p>Qatar eventualmente perdi\u00f3 ante Londres pero luego obtuvo la sede del Mundial de 2019. El campeonato ser\u00e1 en Doha del 27 de septiembre al 6 de octubre.<\/p>\n<p>Los dos pagos de Oryx Qatar Sports Investments, fondo de inversiones vinculado al gobierno qatar\u00ed, fueron hechos a Pamodzi Sports Marketing en octubre y noviembre de 2011, d\u00edas antes de la votaci\u00f3n.<\/p>\n<p>Pamodzi fue fundado por uno de los hijos de Diack, Papa Massata Diack. Exasesor de mercadeo en la IAAF, el hijo de Diack fue censurado tras presuntamente extorsionar cientos de miles de d\u00f3lares a un maratonista ruso para evitar una censura de dopaje antes de los Juegos Ol\u00edmpicos de 2012. Francia lo ha requerido a trav\u00e9s de la Interpol.<\/p>\n<p>De acuerdo con Le Monde, se sospecha que Lamine Diack favoreci\u00f3 la propuesta qatar\u00ed a cambio de dinero que fue transferido a la empresa de su hijo.<\/p>\n<p>En otro caso, autoridades francesas y brasile\u00f1as tratan de cerciorar si es que Lamine Diack y su hijo tuvieron algo que ver en una trama de presuntas coimas para ayudar a R\u00edo de Janeiro a recibir la sede de los Juegos Ol\u00edmpicos de 2016. Diack, quien presidi\u00f3 la IAAF de 1999 a 2015, tambi\u00e9n ha sido acusado de encubrir los resultados de pruebas de dopaje que los rusos no pasaron a cambio de dinero.<\/p>\n<\/div>\n<aside class=\"RightRail\">\n<div id=\"div-gpt-ad-1461247613791-2\" class=\"DFPSlot\" data-key=\"ad-placeholder\" data-google-query-id=\"COqR5sXmr-ICFQRowQod_50K6Q\"><\/div>\n<\/aside>\n","protected":false},"excerpt":{"rendered":"<p>PAR\u00cdS (AP) \u2014 El director general de la empresa de medios beIN fue acusado de cargos preliminares de corrupci\u00f3n dentro de la investigaci\u00f3n sobre el proceso de licitaci\u00f3n del Mundial de atletismo en Qatar, dijo el mi\u00e9rcoles un funcionario judicial. El funcionario confirm\u00f3 que Yousel Al-Obaidly fue acusado el 28 de marzo y que el [&hellip;]<\/p>\n","protected":false},"author":9,"featured_media":53990,"comment_status":"closed","ping_status":"closed","sticky":false,"template":"","format":"standard","meta":[],"categories":[2,60],"tags":[],"acf":[],"_links":{"self":[{"href":"https:\/\/colimdo.org\/wp-api\/wp\/v2\/posts\/53989"}],"collection":[{"href":"https:\/\/colimdo.org\/wp-api\/wp\/v2\/posts"}],"about":[{"href":"https:\/\/colimdo.org\/wp-api\/wp\/v2\/types\/post"}],"author":[{"embeddable":true,"href":"https:\/\/colimdo.org\/wp-api\/wp\/v2\/users\/9"}],"replies":[{"embeddable":true,"href":"https:\/\/colimdo.org\/wp-api\/wp\/v2\/comments?post=53989"}],"version-history":[{"count":1,"href":"https:\/\/colimdo.org\/wp-api\/wp\/v2\/posts\/53989\/revisions"}],"predecessor-version":[{"id":53991,"href":"https:\/\/colimdo.org\/wp-api\/wp\/v2\/posts\/53989\/revisions\/53991"}],"wp:featuredmedia":[{"embeddable":true,"href":"https:\/\/colimdo.org\/wp-api\/wp\/v2\/media\/53990"}],"wp:attachment":[{"href":"https:\/\/colimdo.org\/wp-api\/wp\/v2\/media?parent=53989"}],"wp:term":[{"taxonomy":"category","embeddable":true,"href":"https:\/\/colimdo.org\/wp-api\/wp\/v2\/categories?post=53989"},{"taxonomy":"post_tag","embeddable":true,"href":"https:\/\/colimdo.org\/wp-api\/wp\/v2\/tags?post=53989"}],"curies":[{"name":"wp","href":"https:\/\/api.w.org\/{rel}","templated":true}]}}