{"id":53992,"date":"2019-05-22T18:54:18","date_gmt":"2019-05-22T18:54:18","guid":{"rendered":"https:\/\/colimdo.org\/?p=53992"},"modified":"2019-05-22T18:54:18","modified_gmt":"2019-05-22T18:54:18","slug":"ewan-gana-segunda-etapa-del-giro-conti-sigue-lider","status":"publish","type":"post","link":"https:\/\/colimdo.org\/noticias\/ewan-gana-segunda-etapa-del-giro-conti-sigue-lider\/","title":{"rendered":"Ewan gana su segunda etapa del Giro mientras Conti sigue l\u00edder"},"content":{"rendered":"<p>NOVI LIGURE, Italia (AP) \u2014 El australiano Caleb Ewan gan\u00f3 el mi\u00e9rcoles la und\u00e9cima etapa del Giro de Italia tras completar un embalaje casi perfecto, mientras que el italiano Valerio Conti se mantuvo firme como l\u00edder general.<\/p>\n<p>Ewan, corredor del equipo Lotto-Soudal, super\u00f3 al franc\u00e9s Arnaud D\u00e9mare y al alem\u00e1n Pascal Ackermann en la llegada al t\u00e9rmino del recorrido mayormente plano de 221 kil\u00f3metros (137 millas) entre Carpi y Novi Ligure.<\/p>\n<p>\u201cMi equipo hizo un gran trabajo en cuanto a ponerme en la ubicaci\u00f3n correcta en los \u00faltimos 30 kil\u00f3metros\u201d, dijo Ewan. \u201cCreo que Pascal atac\u00f3 un poco temprano. Yo supe esperar y sal\u00ed al ataque cuando sent\u00ed que era el momento\u201d.<\/p>\n<div id=\"div-gpt-ad-1470255291270-0\" class=\"DFPSlot\" data-key=\"ad-placeholder\" data-google-query-id=\"COa_rMTnr-ICFY52wQodymYMcQ\">\n<p>Fue la segunda victoria parcial de Ewan en este Giro. El ciclista de 24 a\u00f1os tambi\u00e9n domin\u00f3 el s\u00e1bado un embalaje al final de la octava fracci\u00f3n, la m\u00e1s larga de la ronda italiana.<\/p>\n<p>\u201cVine en busca de una victoria y conseguir dos es algo que excede todas mis expectativas\u201d, dijo Ewan, quien tambi\u00e9n gan\u00f3 una etapa en 2017.<\/p>\n<p>Conti sigue en la cima de la clasificaci\u00f3n general, con una diferencia de 1 minuto y 50 segundos sobre el esloveno Primoz Roglic, uno de los favoritos al t\u00edtulo. Tercero marcha el franc\u00e9s Nans Peters, a 2:21.<\/p>\n<p>Fue la segunda etapa consecutiva con un recorrido llano antes que el Giro escale a los Alpes para la 12da etapa el jueves. La ruta de 158 kil\u00f3metros desde Cuneo a Pinerolo incluye el primer ascenso de primera categor\u00eda de la carrera este a\u00f1o, al subir a Montoso.<\/p>\n<p>\u201cFue una larga y soleada etapa. La disfrut\u00e9 much\u00edsimo\u201d, dijo Conti. \u201cRetener la casaca de l\u00edder ser\u00e1 complicado ma\u00f1ana porque el ascenso principal es uno exigente. Pero deseo mantener la \u2018maglia rosa\u2019 tambi\u00e9n\u201d.<\/p>\n<p>Conti ha lucido la camiseta rosada desde que entr\u00f3 segundo en la sexta etapa el pasado jueves.<\/p>\n<p>El Giro culminar\u00e1 en Verona el 2 de junio.<\/p>\n<\/div>\n","protected":false},"excerpt":{"rendered":"<p>NOVI LIGURE, Italia (AP) \u2014 El australiano Caleb Ewan gan\u00f3 el mi\u00e9rcoles la und\u00e9cima etapa del Giro de Italia tras completar un embalaje casi perfecto, mientras que el italiano Valerio Conti se mantuvo firme como l\u00edder general. Ewan, corredor del equipo Lotto-Soudal, super\u00f3 al franc\u00e9s Arnaud D\u00e9mare y al alem\u00e1n Pascal Ackermann en la llegada [&hellip;]<\/p>\n","protected":false},"author":9,"featured_media":53993,"comment_status":"closed","ping_status":"closed","sticky":false,"template":"","format":"standard","meta":[],"categories":[2,60],"tags":[],"acf":[],"_links":{"self":[{"href":"https:\/\/colimdo.org\/wp-api\/wp\/v2\/posts\/53992"}],"collection":[{"href":"https:\/\/colimdo.org\/wp-api\/wp\/v2\/posts"}],"about":[{"href":"https:\/\/colimdo.org\/wp-api\/wp\/v2\/types\/post"}],"author":[{"embeddable":true,"href":"https:\/\/colimdo.org\/wp-api\/wp\/v2\/users\/9"}],"replies":[{"embeddable":true,"href":"https:\/\/colimdo.org\/wp-api\/wp\/v2\/comments?post=53992"}],"version-history":[{"count":1,"href":"https:\/\/colimdo.org\/wp-api\/wp\/v2\/posts\/53992\/revisions"}],"predecessor-version":[{"id":53994,"href":"https:\/\/colimdo.org\/wp-api\/wp\/v2\/posts\/53992\/revisions\/53994"}],"wp:featuredmedia":[{"embeddable":true,"href":"https:\/\/colimdo.org\/wp-api\/wp\/v2\/media\/53993"}],"wp:attachment":[{"href":"https:\/\/colimdo.org\/wp-api\/wp\/v2\/media?parent=53992"}],"wp:term":[{"taxonomy":"category","embeddable":true,"href":"https:\/\/colimdo.org\/wp-api\/wp\/v2\/categories?post=53992"},{"taxonomy":"post_tag","embeddable":true,"href":"https:\/\/colimdo.org\/wp-api\/wp\/v2\/tags?post=53992"}],"curies":[{"name":"wp","href":"https:\/\/api.w.org\/{rel}","templated":true}]}}