{"id":53998,"date":"2019-05-22T19:04:30","date_gmt":"2019-05-22T19:04:30","guid":{"rendered":"https:\/\/colimdo.org\/?p=53998"},"modified":"2019-05-22T19:04:30","modified_gmt":"2019-05-22T19:04:30","slug":"se-confirma-pau-gasol-no-estara-mundial-china","status":"publish","type":"post","link":"https:\/\/colimdo.org\/noticias\/se-confirma-pau-gasol-no-estara-mundial-china\/","title":{"rendered":"Se confirma que Pau Gasol no estar\u00e1 en el Mundial de China"},"content":{"rendered":"<p>Pau Gasol, p\u00edvot de los Bucks de Milwaukee, ha confirmado este mi\u00e9rcoles su ausencia en la selecci\u00f3n espa\u00f1ola para la disputa del campeonato del mundo de China, del 31 de agosto al 15 de septiembre.<\/p>\n<p>\u201cMe hubiera gustado estar con mi selecci\u00f3n, con mis compa\u00f1eros ya que para m\u00ed la selecci\u00f3n siempre ha sido muy importante el participar\u201d, coment\u00f3 Gasol en un breve mensaje en v\u00eddeo.<\/p>\n<p>\u201cEstoy muy orgulloso de competir con la selecci\u00f3n y de luchar por conseguir \u00e9xitos a nivel internacional\u201d, a\u00f1adi\u00f3.<\/p>\n<p>\u201cDebido a mi operaci\u00f3n por la lesi\u00f3n\u201d, explic\u00f3, \u201cno voy a poder estar en este mundial de China, pero a\u00fan as\u00ed estar\u00e9 apoyando al equipo, deseando que hagan un gran campeonato, siempre estando cerca de ellos por mil motivos, porque somos una familia y no es s\u00f3lo un \u2018hastagh\u2019 o un eslogan, sino que es la realidad, es el esp\u00edritu de nuestro equipo, de nuestra selecci\u00f3n\u201d, asegur\u00f3 Gasol.<\/p>\n<p>\u201cOjal\u00e1 se clasifiquen, nos clasifiquemos, para los Juegos Ol\u00edmpicos (de Tokio 2020), y ojal\u00e1 el a\u00f1o que viene pueda estar con el equipo\u201d, destac\u00f3.<\/p>\n<p><strong>EFE<\/strong><\/p>\n","protected":false},"excerpt":{"rendered":"<p>Pau Gasol, p\u00edvot de los Bucks de Milwaukee, ha confirmado este mi\u00e9rcoles su ausencia en la selecci\u00f3n espa\u00f1ola para la disputa del campeonato del mundo de China, del 31 de agosto al 15 de septiembre. \u201cMe hubiera gustado estar con mi selecci\u00f3n, con mis compa\u00f1eros ya que para m\u00ed la selecci\u00f3n siempre ha sido muy [&hellip;]<\/p>\n","protected":false},"author":9,"featured_media":53999,"comment_status":"closed","ping_status":"closed","sticky":false,"template":"","format":"standard","meta":[],"categories":[2,60],"tags":[],"acf":[],"_links":{"self":[{"href":"https:\/\/colimdo.org\/wp-api\/wp\/v2\/posts\/53998"}],"collection":[{"href":"https:\/\/colimdo.org\/wp-api\/wp\/v2\/posts"}],"about":[{"href":"https:\/\/colimdo.org\/wp-api\/wp\/v2\/types\/post"}],"author":[{"embeddable":true,"href":"https:\/\/colimdo.org\/wp-api\/wp\/v2\/users\/9"}],"replies":[{"embeddable":true,"href":"https:\/\/colimdo.org\/wp-api\/wp\/v2\/comments?post=53998"}],"version-history":[{"count":1,"href":"https:\/\/colimdo.org\/wp-api\/wp\/v2\/posts\/53998\/revisions"}],"predecessor-version":[{"id":54000,"href":"https:\/\/colimdo.org\/wp-api\/wp\/v2\/posts\/53998\/revisions\/54000"}],"wp:featuredmedia":[{"embeddable":true,"href":"https:\/\/colimdo.org\/wp-api\/wp\/v2\/media\/53999"}],"wp:attachment":[{"href":"https:\/\/colimdo.org\/wp-api\/wp\/v2\/media?parent=53998"}],"wp:term":[{"taxonomy":"category","embeddable":true,"href":"https:\/\/colimdo.org\/wp-api\/wp\/v2\/categories?post=53998"},{"taxonomy":"post_tag","embeddable":true,"href":"https:\/\/colimdo.org\/wp-api\/wp\/v2\/tags?post=53998"}],"curies":[{"name":"wp","href":"https:\/\/api.w.org\/{rel}","templated":true}]}}