{"id":54028,"date":"2019-05-22T23:02:59","date_gmt":"2019-05-22T23:02:59","guid":{"rendered":"https:\/\/colimdo.org\/?p=54028"},"modified":"2019-05-22T23:02:59","modified_gmt":"2019-05-22T23:02:59","slug":"copa-esmeralda-boxeo-2019-reunira-los-mejores-pugiles-rd","status":"publish","type":"post","link":"https:\/\/colimdo.org\/noticias\/copa-esmeralda-boxeo-2019-reunira-los-mejores-pugiles-rd\/","title":{"rendered":"Copa Esmeralda de Boxeo 2019 reunir\u00e1 los mejores p\u00fagiles de RD"},"content":{"rendered":"<p>SANTO DOMINGO.- Parte de los mejores boxeadores en edades escolares \u00a0de la Rep\u00fablica Dominicana participar\u00e1n en \u00a0la Copa Esmeralda de Boxeo 2019, evento dedicado a la prevenci\u00f3n y erradicaci\u00f3n del trabajo infantil\u00a0 y que ser\u00e1 inaugurado el 31 de este en el polideportivo Santo \u00c1ngel Peguero del municipio de Monte Plata.<\/p>\n<p>El doctor Winston Santos, presidente del Comit\u00e9 Organizador, asegur\u00f3 que todo est\u00e1 listo para la celebraci\u00f3n del evento en el que estar\u00e1n representadas todas las regiones del pa\u00eds y que tendr\u00e1 a Puerto Rico como pa\u00eds invitado.<\/p>\n<p>\u201cDurante los d\u00edas del 31 de este mes al dos de junio pr\u00f3ximo \u00a0se desarrollar\u00e1 la Copa Esmeralda de Boxeo 2019, con boxeadores de las regiones Norte, Sur y Este, adem\u00e1s de la Zona Metropolitana, que integran la provincia Santo Domingo y el Distrito Nacional, as\u00ed como los anfitriones de Monte Plata y Puerto Rico\u201d, dijo Santos, al encabezar una rueda de prensa en el Hotel Catalon\u00eda en Santo Domingo.<\/p>\n<p>La llegada de las delegaciones est\u00e1 programada para el jueves de la pr\u00f3xima semana y el acto de apertura ser\u00e1 a las cinco de la tarde del d\u00eda siguiente, conforme expuso el presidente del Comit\u00e9 Organizador, del cual tambi\u00e9n forma parte Carmen Leyda Mora, Sof\u00eda Azcona, Roberto Peguero, el empresario Carlos Sili\u00e9, Mart\u00edn Zapata,\u00a0\u00a0\u00a0Jes\u00fas Contreras, Geraldo Pita y Randy Cadete, como coordinador general.<\/p>\n<p>Al encuentro con la prensa tambi\u00e9n asistieron representantes de la Federaci\u00f3n Dominicana de Boxeo y de la Asociaci\u00f3n de Boxeo de Monte Plata, as\u00ed como autoridades de la llamada Provincia Esmeralda y Ol\u00edmpica del pa\u00eds.<\/p>\n<p>Adem\u00e1s de Winston Santos, en el encuentro con los periodistas hablaron el inmortal del deporte dominicano Bienvenido Solano, presidente de por vida de la Federaci\u00f3n Dominicana; William Tapia, sub director del Instituto Nacional de Educaci\u00f3n Fisica; el periodista Primitivo Cadete, presidente de la Asociaci\u00f3n de Boxeo de Monte y los miembros del comit\u00e9 organizador Gerardo Pita y Randy Cadete.<\/p>\n<p>Conforme al programa de competencias, los combates preliminares ser\u00e1n celebrados \u00a0despu\u00e9s del acto de apertura, mientras que las peleas correspondientes a las semi finales est\u00e1n programadas para el s\u00e1bado primero de junio y las finales para el s\u00e1bado 2 del mismo mes, desde las diez de la ma\u00f1ana.<\/p>\n<p>Los organizadores aprovecharon para agradecer el respaldo de empresas tanto del sector p\u00fablico como privado, entre las que mencionaron el Ministerio de Deportes, los Comedores Econ\u00f3micos del Estado, Capsa (Consultores Ambientales y de Proyectos), Fondos de Pensiones de Trabajos de la Construcci\u00f3n, Superintendencia de Pensiones, Grupo de Comunicaciones Multimedia,,\u00a0\u00a0Oficina del Senador Charlie Mariotti, Gobernaci\u00f3n de Monte Plata, , Ayuntamiento de Monte Plata, Edeeste, Ministerio de Industria y Comercio, entre otras.<\/p>\n<p>Durante la rueda de prensa, Winston Santos, quien es el actual ministro de Trabajo de la Rep\u00fablica Dominicana, resalt\u00f3 el historial de \u00e9xitos del boxeo ol\u00edmpico de la Rep\u00fablica Dominicana, recordando que este deporte dio al pa\u00eds su primera medalla ol\u00edmpica, cuando en Los Angeles 84 el boxeador Pedro Julio Nolasco conquist\u00f3 presea de bronce.<\/p>\n<p>\u201cEs un gran evento, somos abanderados de la pr\u00e1ctica deportiva porque a trav\u00e9s del deporte los ni\u00f1os empiezan a respetar las reglas establecidas en las sociedades\u201d, agreg\u00f3.<\/p>\n<p>En el caso espec\u00edfico de la Copa Esmeralda de Boxeo, record\u00f3 que la misma est\u00e1 dedicada a la lucha en contra del trabajo infantil y que cuenta con el respaldo de la Organizaci\u00f3n Internacional del Trabajo.<\/p>\n","protected":false},"excerpt":{"rendered":"<p>El doctor Winston Santos, presidente del Comit\u00e9 Organizador, asegur\u00f3 que todo est\u00e1 listo para la celebraci\u00f3n del evento en el que estar\u00e1n representadas todas las regiones del pa\u00eds y que tendr\u00e1 a Puerto Rico como pa\u00eds invitado.<\/p>\n","protected":false},"author":16,"featured_media":54029,"comment_status":"closed","ping_status":"closed","sticky":false,"template":"","format":"standard","meta":[],"categories":[2,60],"tags":[],"acf":[],"_links":{"self":[{"href":"https:\/\/colimdo.org\/wp-api\/wp\/v2\/posts\/54028"}],"collection":[{"href":"https:\/\/colimdo.org\/wp-api\/wp\/v2\/posts"}],"about":[{"href":"https:\/\/colimdo.org\/wp-api\/wp\/v2\/types\/post"}],"author":[{"embeddable":true,"href":"https:\/\/colimdo.org\/wp-api\/wp\/v2\/users\/16"}],"replies":[{"embeddable":true,"href":"https:\/\/colimdo.org\/wp-api\/wp\/v2\/comments?post=54028"}],"version-history":[{"count":1,"href":"https:\/\/colimdo.org\/wp-api\/wp\/v2\/posts\/54028\/revisions"}],"predecessor-version":[{"id":54030,"href":"https:\/\/colimdo.org\/wp-api\/wp\/v2\/posts\/54028\/revisions\/54030"}],"wp:featuredmedia":[{"embeddable":true,"href":"https:\/\/colimdo.org\/wp-api\/wp\/v2\/media\/54029"}],"wp:attachment":[{"href":"https:\/\/colimdo.org\/wp-api\/wp\/v2\/media?parent=54028"}],"wp:term":[{"taxonomy":"category","embeddable":true,"href":"https:\/\/colimdo.org\/wp-api\/wp\/v2\/categories?post=54028"},{"taxonomy":"post_tag","embeddable":true,"href":"https:\/\/colimdo.org\/wp-api\/wp\/v2\/tags?post=54028"}],"curies":[{"name":"wp","href":"https:\/\/api.w.org\/{rel}","templated":true}]}}