{"id":54034,"date":"2019-05-23T00:56:33","date_gmt":"2019-05-23T00:56:33","guid":{"rendered":"https:\/\/colimdo.org\/?p=54034"},"modified":"2019-05-23T00:56:33","modified_gmt":"2019-05-23T00:56:33","slug":"club-rarael-barias-firma-m-j-rhett-al-jorge-rosa","status":"publish","type":"post","link":"https:\/\/colimdo.org\/noticias\/club-rarael-barias-firma-m-j-rhett-al-jorge-rosa\/","title":{"rendered":"Club Rarael Barias firma a M.J. Rhett y al Jorge Rosa"},"content":{"rendered":"<p>SANTO DOMINGO.- La oficina de operaciones del Club Rafael Barias anunci\u00f3 la contrataci\u00f3n del talentoso delantero de poder de mano zurda M.J. Rhett, jugador que acciona en el equipo nacional como jugador nacionalizado y al el combo guard Jorge Rosa, quien estudi\u00f3 en la Universidad de New Orleans.<\/p>\n<p>Es la primera vez que Rhett, de 6-9 de estatura jugara en el torneo capitalino, que est\u00e1 programado a comenzar\u00e1 el 5 de junio. El Barias jugara su primer juego el viernes 7 frente al equipo de Bameso en Palacio de los Deportes Virgilio Travieso Soto.<\/p>\n<p>He o\u00eddo mucho del Barias, me gusta lo que he visto de su afici\u00f3n y jugadores, vengo comprometido a dar lo mejor de m\u00ed para el equipo\u201d, comento M.J. desde su casa en los Estados Unidos.<\/p>\n<p>Rhett viene de jugar en el baloncesto superior nacional de Puerto Rico, donde vio acci\u00f3n con los Capitanes de Arecibo y los Indios de Mayaguez, registrando una participaci\u00f3n destacada con ambas franquicias.<\/p>\n<p>\u201cMJ es lo que necesitamos, puede correr la cancha, es imponente en la pintura y puede salir a meter el triple\u201d, sostuvo el dirigente boricua de los barianos Pedro Cintr\u00f3n.<\/p>\n<p>En la Liga Nacional de Baloncesto viste el uniforme de los Leones de Santo Domingo, equipo en el que juega junto a Manuel Fortuna y ahora ambos se juntan de nuevo, pero vistiendo la franela amarilla y negra de los tres veces campeones del Rafael Barias.<\/p>\n<p><strong>Jorge Rosa<\/strong><\/p>\n<p>Rosa es un jugador vers\u00e1til de 6-3 de estatura, con un excelente disparo de larga distancia y buen manejo de bal\u00f3n. en la Universidad de New Orleans promedio 38.4% en disparos detr\u00e1s del arco, promediando 14 minutos por juego en el 2019.<\/p>\n<p>\u201cJorge nos ayudara mucho en la posici\u00f3n uno y en ciertos casos en la posici\u00f3n dos, \u00e9l ha jugado en un buen nivel en los Estados Unidos\u201d, dijo Alberto Rodr\u00edguez, gerente general del club desde el 2009.<\/p>\n<p>El alero, hijo de padres dominicanos, fue recomendado al Barias por el periodista deportivo Junior Mart\u00ednez, que tiene lazos familiares con parientes del jugador. Rosa llegar\u00e1 al pa\u00eds el pr\u00f3ximo lunes 27 de mayo procedente de Orlando, Florida donde reside con su familia.<\/p>\n<p>Su mejor temporada en NCAA fue en el 2014-2015, cuando promedi\u00f3 11.3 puntos por juego en 30 minutos por partido, mientras formaba parte del quinteto inicial de New Orleans University.<\/p>\n<p>Rosa y Rhett ser\u00e1n de las caras nuevas del equipo con sede en el populoso sector de Villa Consuelo.<\/p>\n","protected":false},"excerpt":{"rendered":"<p>Es la primera vez que Rhett, de 6-9 de estatura jugara en el torneo capitalino, que est\u00e1 programado a comenzar\u00e1 el 5 de junio. El Barias jugara su primer juego el viernes 7 frente al equipo de Bameso en Palacio de los Deportes Virgilio Travieso Soto.<\/p>\n","protected":false},"author":16,"featured_media":54035,"comment_status":"closed","ping_status":"closed","sticky":false,"template":"","format":"standard","meta":[],"categories":[2,60],"tags":[],"acf":[],"_links":{"self":[{"href":"https:\/\/colimdo.org\/wp-api\/wp\/v2\/posts\/54034"}],"collection":[{"href":"https:\/\/colimdo.org\/wp-api\/wp\/v2\/posts"}],"about":[{"href":"https:\/\/colimdo.org\/wp-api\/wp\/v2\/types\/post"}],"author":[{"embeddable":true,"href":"https:\/\/colimdo.org\/wp-api\/wp\/v2\/users\/16"}],"replies":[{"embeddable":true,"href":"https:\/\/colimdo.org\/wp-api\/wp\/v2\/comments?post=54034"}],"version-history":[{"count":1,"href":"https:\/\/colimdo.org\/wp-api\/wp\/v2\/posts\/54034\/revisions"}],"predecessor-version":[{"id":54036,"href":"https:\/\/colimdo.org\/wp-api\/wp\/v2\/posts\/54034\/revisions\/54036"}],"wp:featuredmedia":[{"embeddable":true,"href":"https:\/\/colimdo.org\/wp-api\/wp\/v2\/media\/54035"}],"wp:attachment":[{"href":"https:\/\/colimdo.org\/wp-api\/wp\/v2\/media?parent=54034"}],"wp:term":[{"taxonomy":"category","embeddable":true,"href":"https:\/\/colimdo.org\/wp-api\/wp\/v2\/categories?post=54034"},{"taxonomy":"post_tag","embeddable":true,"href":"https:\/\/colimdo.org\/wp-api\/wp\/v2\/tags?post=54034"}],"curies":[{"name":"wp","href":"https:\/\/api.w.org\/{rel}","templated":true}]}}