{"id":54059,"date":"2019-05-23T13:29:28","date_gmt":"2019-05-23T13:29:28","guid":{"rendered":"https:\/\/colimdo.org\/?p=54059"},"modified":"2019-05-23T14:31:19","modified_gmt":"2019-05-23T14:31:19","slug":"pilotos-formula-1-recuerdan-lauda-resaltan-legado","status":"publish","type":"post","link":"https:\/\/colimdo.org\/noticias\/pilotos-formula-1-recuerdan-lauda-resaltan-legado\/","title":{"rendered":"Pilotos de F\u00f3rmula 1 recuerdan a Lauda y resaltan legado"},"content":{"rendered":"<p>M\u00d3NACO (AP) \u2014 Los pilotos de la F\u00f3rmula Uno se expresaron cari\u00f1osamente al recordar al excampe\u00f3n Niki Lauda, desde su manera franca de decir las cosas hasta el \u201cincre\u00edble\u201d legado que dej\u00f3 al sobreponerse a un accidente que casi le cuesta la vida.<\/p>\n<p>Lauda muri\u00f3 el lunes a los 70 a\u00f1os, menos de un a\u00f1o despu\u00e9s de un trasplante de pulm\u00f3n. El piloto austr\u00edaco gan\u00f3 dos de sus tres t\u00edtulos de la F1 tras superar un horrible accidente que lo dej\u00f3 al borde la muerte en el Gran Premio de Alemania de 1976, en un choque que lo dej\u00f3 con quemaduras graves.<\/p>\n<p>Lauda se mantuvo como una personalidad influyente en la F1, y despu\u00e9s de recibir su trasplante de pulm\u00f3n en agosto, habl\u00f3 sobre cuanto apreciaba haber recibido una carta a mano de Sebastian Vettel, piloto de Ferrari, dese\u00e1ndole lo mejor.<\/p>\n<p>Vettel, cuatro veces campe\u00f3n de la F1, record\u00f3 el mi\u00e9rcoles en el Gran Premio de M\u00f3naco la influencia que Lauda tuvo en su vida.<\/p>\n<p>\u201cUno no se cruza con gente as\u00ed muy seguido, no solo afuera de la F\u00f3rmula Uno sino en general. Fue una persona \u00fanica\u201d, dijo Vettel. \u201cMe siento extremadamente privilegiado de haber tenido la oportunidad, no solo de conocerlo, sino de haber hablado con \u00e9l regularmente\u201d.<\/p>\n<p>\u201cSu sentido del humor era bastante directo\u201d, dijo Vettel. \u201cA veces no pod\u00edas diferenciar si era un chiste o solo un comentario\u201d.<\/p>\n<p>Lauda gan\u00f3 25 carreras de F1, logr\u00f3 25 poles y se subi\u00f3 al podio en 54 ocasiones, distingui\u00e9ndose como piloto met\u00f3dico pero enga\u00f1osamente fino. Se proclam\u00f3 campe\u00f3n de pilotos en 1975 y 1977 con Ferrari y en 1984 con McLaren.<\/p>\n<p>Sigui\u00f3 involucrado de cerca con el circuito de F1 tras retirarse como piloto en 1985, en a\u00f1os recientes trabajando como presidente no ejecutivo de Mercedes.<\/p>\n<p>Tambi\u00e9n cabe resaltar el papel clave que tuvo para persuadir al piloto brit\u00e1nico Lewis Hamilton a que se cambiara de McLaren a Mercedes en 2013, lo cual eventualmente fue un \u00e9xito rotundo.<\/p>\n","protected":false},"excerpt":{"rendered":"<p>M\u00d3NACO (AP) \u2014 Los pilotos de la F\u00f3rmula Uno se expresaron cari\u00f1osamente al recordar al excampe\u00f3n Niki Lauda, desde su manera franca de decir las cosas hasta el \u201cincre\u00edble\u201d legado que dej\u00f3 al sobreponerse a un accidente que casi le cuesta la vida. Lauda muri\u00f3 el lunes a los 70 a\u00f1os, menos de un a\u00f1o [&hellip;]<\/p>\n","protected":false},"author":9,"featured_media":54060,"comment_status":"closed","ping_status":"closed","sticky":false,"template":"","format":"standard","meta":[],"categories":[2,60],"tags":[],"acf":[],"_links":{"self":[{"href":"https:\/\/colimdo.org\/wp-api\/wp\/v2\/posts\/54059"}],"collection":[{"href":"https:\/\/colimdo.org\/wp-api\/wp\/v2\/posts"}],"about":[{"href":"https:\/\/colimdo.org\/wp-api\/wp\/v2\/types\/post"}],"author":[{"embeddable":true,"href":"https:\/\/colimdo.org\/wp-api\/wp\/v2\/users\/9"}],"replies":[{"embeddable":true,"href":"https:\/\/colimdo.org\/wp-api\/wp\/v2\/comments?post=54059"}],"version-history":[{"count":1,"href":"https:\/\/colimdo.org\/wp-api\/wp\/v2\/posts\/54059\/revisions"}],"predecessor-version":[{"id":54061,"href":"https:\/\/colimdo.org\/wp-api\/wp\/v2\/posts\/54059\/revisions\/54061"}],"wp:featuredmedia":[{"embeddable":true,"href":"https:\/\/colimdo.org\/wp-api\/wp\/v2\/media\/54060"}],"wp:attachment":[{"href":"https:\/\/colimdo.org\/wp-api\/wp\/v2\/media?parent=54059"}],"wp:term":[{"taxonomy":"category","embeddable":true,"href":"https:\/\/colimdo.org\/wp-api\/wp\/v2\/categories?post=54059"},{"taxonomy":"post_tag","embeddable":true,"href":"https:\/\/colimdo.org\/wp-api\/wp\/v2\/tags?post=54059"}],"curies":[{"name":"wp","href":"https:\/\/api.w.org\/{rel}","templated":true}]}}