{"id":54076,"date":"2019-05-23T17:28:44","date_gmt":"2019-05-23T17:28:44","guid":{"rendered":"https:\/\/colimdo.org\/?p=54076"},"modified":"2019-05-23T17:28:44","modified_gmt":"2019-05-23T17:28:44","slug":"barcelona-aspira-redimirse-la-copa-del-rey","status":"publish","type":"post","link":"https:\/\/colimdo.org\/noticias\/barcelona-aspira-redimirse-la-copa-del-rey\/","title":{"rendered":"Barcelona aspira a redimirse en la Copa del Rey"},"content":{"rendered":"<p>BARCELONA (AP) \u2014 Aunque el Barcelona sigue dolido por su derrumbe ante Liverpool hace dos semanas, el equipo tiene otra copa por disputar este fin de semana.<\/p>\n<p>Los campeones espa\u00f1oles pueden completar un segundo doblete dom\u00e9stico consecutivo cuando se enfrenten con el Valencia el s\u00e1bado en la final de la Copa del Rey.<\/p>\n<p>\u201cEs el \u00faltimo partido del a\u00f1o y tenemos que ganar para irnos de vacaciones con una sensaci\u00f3n mejor de la que se nos qued\u00f3 despu\u00e9s del partido contra el Liverpool\u201d, dijo el defensor Clement Lenglet. \u201cPor eso queremos ganar la final\u201d.<\/p>\n<p>El Bar\u00e7a es el equipo m\u00e1s exitoso en la historia de la Copa del Rey. Acumula 30 conquistas, incluida las \u00faltimas cuatro ediciones. Pero fue eliminado de la Liga de Campeones por Liverpool tras llegar al partido de vuelta de semifinales con un 3-0 a favor.<\/p>\n<p>La continuidad del t\u00e9cnico azulgrana Ernesto Valverde podr\u00eda definirse con el resultado del partido contra el Valencia, que se jugar\u00e1 en cancha neutral en Sevilla.<\/p>\n<p>Aunque Valverde tiene credenciales casi impecables en la Liga espa\u00f1ola y la Copa del Rey desde que asumi\u00f3 las riendas hace dos a\u00f1os, muchos hinchas del Barcelona dudan ahora que sea capaz de darles el cetro en Europa. As\u00ed que aunque otra Copa del Rey es ciertamente esperada por los hinchas, una derrota ante el Valencia aumentar\u00eda la presi\u00f3n sobre el club para ponderar un cambio.<\/p>\n<p>A sabiendas de que su t\u00e9cnico est\u00e1 bajo la lupa, el presidente Josep Bartomeu dijo el jueves que \u201cquiero poner en valor a Valverde, en quien confiamos plenamente\u201d<\/p>\n<p>\u201cNo podemos desmerecer esta Copa, cuesta siempre ganar un t\u00edtulo, y un doblete significa mucho en nuestra historia\u201d, dijo Bartomeu. Despu\u00e9s de la Copa podremos sacar conclusiones para mejorar y aspirar a ganar todo las pr\u00f3ximas temporadas\u201d.<\/p>\n<p>Barcelona echar\u00e1 de menos al delantero uruguayo Luis Su\u00e1rez, que se oper\u00f3 la rodilla derecha tras la derrota ante Liverpool. Su\u00e1rez anot\u00f3 25 goles esta temporada, segundo por detr\u00e1s de los 50 marcados por Lionel Messi.<\/p>\n<p>El atacante Ousmane Demb\u00e9l\u00e9 tambi\u00e9n esta fuera por lesi\u00f3n. Y el arquero holand\u00e9s Jasper Cillessen casi seguramente mantendr\u00e1 su titularidad en la Copa, luego que el club confirm\u00f3 que el alem\u00e1n Marc-Andr\u00e9 ter Stegen tiene dolores en su rodilla derecha y no podr\u00e1 jugar.<\/p>\n<p>Valencia ha tenido una muy buena segunda mitad de la campa\u00f1a. Remont\u00f3 posiciones en la tabla de la Liga hasta finalizar cuarto y alcanz\u00f3 las semifinales de la Liga Europa, donde perdi\u00f3 con Arsenal.<\/p>\n","protected":false},"excerpt":{"rendered":"<p>BARCELONA (AP) \u2014 Aunque el Barcelona sigue dolido por su derrumbe ante Liverpool hace dos semanas, el equipo tiene otra copa por disputar este fin de semana. Los campeones espa\u00f1oles pueden completar un segundo doblete dom\u00e9stico consecutivo cuando se enfrenten con el Valencia el s\u00e1bado en la final de la Copa del Rey. \u201cEs el [&hellip;]<\/p>\n","protected":false},"author":9,"featured_media":54077,"comment_status":"closed","ping_status":"closed","sticky":false,"template":"","format":"standard","meta":[],"categories":[2,60],"tags":[],"acf":[],"_links":{"self":[{"href":"https:\/\/colimdo.org\/wp-api\/wp\/v2\/posts\/54076"}],"collection":[{"href":"https:\/\/colimdo.org\/wp-api\/wp\/v2\/posts"}],"about":[{"href":"https:\/\/colimdo.org\/wp-api\/wp\/v2\/types\/post"}],"author":[{"embeddable":true,"href":"https:\/\/colimdo.org\/wp-api\/wp\/v2\/users\/9"}],"replies":[{"embeddable":true,"href":"https:\/\/colimdo.org\/wp-api\/wp\/v2\/comments?post=54076"}],"version-history":[{"count":1,"href":"https:\/\/colimdo.org\/wp-api\/wp\/v2\/posts\/54076\/revisions"}],"predecessor-version":[{"id":54078,"href":"https:\/\/colimdo.org\/wp-api\/wp\/v2\/posts\/54076\/revisions\/54078"}],"wp:featuredmedia":[{"embeddable":true,"href":"https:\/\/colimdo.org\/wp-api\/wp\/v2\/media\/54077"}],"wp:attachment":[{"href":"https:\/\/colimdo.org\/wp-api\/wp\/v2\/media?parent=54076"}],"wp:term":[{"taxonomy":"category","embeddable":true,"href":"https:\/\/colimdo.org\/wp-api\/wp\/v2\/categories?post=54076"},{"taxonomy":"post_tag","embeddable":true,"href":"https:\/\/colimdo.org\/wp-api\/wp\/v2\/tags?post=54076"}],"curies":[{"name":"wp","href":"https:\/\/api.w.org\/{rel}","templated":true}]}}