{"id":54079,"date":"2019-05-23T17:31:53","date_gmt":"2019-05-23T17:31:53","guid":{"rendered":"https:\/\/colimdo.org\/?p=54079"},"modified":"2019-05-23T17:31:53","modified_gmt":"2019-05-23T17:31:53","slug":"benedetti-gana-la-12da-etapa-del-giro-polanc-nuevo-lider","status":"publish","type":"post","link":"https:\/\/colimdo.org\/noticias\/benedetti-gana-la-12da-etapa-del-giro-polanc-nuevo-lider\/","title":{"rendered":"Benedetti gana la 12da etapa del Giro; Polanc es el nuevo l\u00edder"},"content":{"rendered":"<p>PINEROLO, Italia (AP) \u2014 Cesare Benedetti consigui\u00f3 su primera victoria como profesional al ganar el jueves la 12da etapa del Giro de Italia, en el que Jan Polanc le arrebat\u00f3 la casaca rosa de l\u00edder a su compa\u00f1ero de equipo Valerio Conti.<\/p>\n<p>Benedetti, corredor italiano del equipo Bora que ha sido un escudero durante casi toda su carrera, fue parte de una temprana fuga y aceler\u00f3 al distanciarse de un grupo selecto en el sprint final.<\/p>\n<p>\u201cHe trabajado mucho para otros en el pasado, pero hoy tuve mi oportunidad\u201d, dijo Benedetti. \u201cUsualmente no soy el ganador\u201d.<\/p>\n<p>Benedetti emple\u00f3 3 horas y 41 minutos para completar el tramo de 158 kil\u00f3metros (98 millas) entre Cuneo y Pinerolo, que tuvo un ascenso de primera categor\u00eda y otro m\u00e1s breve pero m\u00e1s empinado justo antes de la llegada.<\/p>\n<p>El italiano Damiano Caruso entr\u00f3 segundo y el irland\u00e9s Eddie Dunbar fue tercero, ambos con el mismo registro que Benedetti. Polanc, el esloveno de Team Emirates que figur\u00f3 en el pelot\u00f3n de fuga, finaliz\u00f3 25 segundos detr\u00e1s.<\/p>\n<p>En la tabla general, Polanc supera a su compatriota Primoz Roglic (Jumbo-Visma) por 4 minutos y 7 segundos. Conti retrocedi\u00f3 a la tercera plaza, con un retraso de 4:51.<\/p>\n<p>\u201cFue una decisi\u00f3n t\u00e1ctica del equipo que yo me fuese en la fuga, para poder tener un mejor control de la carrera\u201d, dijo Polanc. \u201cFue adem\u00e1s una forma de mantener la camiseta rosa en el equipo\u201d.<\/p>\n<p>El ecuatoriano Richard Carapaz (Movistar) es el latinoamericano mejor ubicado en la general, a 7:23 del l\u00edder. El costarricense Andrey Amador (Movistar) figura noveno, a 7:30.<\/p>\n<p>El espa\u00f1ol Mikel Landa y el colombiano Miguel \u00c1ngel L\u00f3pez atacaron en el primer ascenso a Montoso y ganaron unos 30 segundos sobre los otros favoritos generales.<\/p>\n<p>Antes del arranque de la etapa, los velocistas Caleb Ewan y Elia Viviani se retiraron de la carrera. Ewan gan\u00f3 dos etapas, incluyendo la 11na la v\u00edspera, mientras que Viviani logr\u00f3 tres segundos lugares.<\/p>\n<p>La 13ra etapa el viernes es una de las m\u00e1s duras, con dos subidas de primera categor\u00eda, adem\u00e1s de un cierre cuesta arriba al final de la ruta de 196 kil\u00f3metros de Pinerolo a Ceresole Reale. La subida final es de 44 kil\u00f3metros.<\/p>\n<p>El Giro concluye el 2 de junio en Verona.<\/p>\n","protected":false},"excerpt":{"rendered":"<p>PINEROLO, Italia (AP) \u2014 Cesare Benedetti consigui\u00f3 su primera victoria como profesional al ganar el jueves la 12da etapa del Giro de Italia, en el que Jan Polanc le arrebat\u00f3 la casaca rosa de l\u00edder a su compa\u00f1ero de equipo Valerio Conti. Benedetti, corredor italiano del equipo Bora que ha sido un escudero durante casi [&hellip;]<\/p>\n","protected":false},"author":9,"featured_media":54081,"comment_status":"closed","ping_status":"closed","sticky":false,"template":"","format":"standard","meta":[],"categories":[2,60],"tags":[],"acf":[],"_links":{"self":[{"href":"https:\/\/colimdo.org\/wp-api\/wp\/v2\/posts\/54079"}],"collection":[{"href":"https:\/\/colimdo.org\/wp-api\/wp\/v2\/posts"}],"about":[{"href":"https:\/\/colimdo.org\/wp-api\/wp\/v2\/types\/post"}],"author":[{"embeddable":true,"href":"https:\/\/colimdo.org\/wp-api\/wp\/v2\/users\/9"}],"replies":[{"embeddable":true,"href":"https:\/\/colimdo.org\/wp-api\/wp\/v2\/comments?post=54079"}],"version-history":[{"count":1,"href":"https:\/\/colimdo.org\/wp-api\/wp\/v2\/posts\/54079\/revisions"}],"predecessor-version":[{"id":54082,"href":"https:\/\/colimdo.org\/wp-api\/wp\/v2\/posts\/54079\/revisions\/54082"}],"wp:featuredmedia":[{"embeddable":true,"href":"https:\/\/colimdo.org\/wp-api\/wp\/v2\/media\/54081"}],"wp:attachment":[{"href":"https:\/\/colimdo.org\/wp-api\/wp\/v2\/media?parent=54079"}],"wp:term":[{"taxonomy":"category","embeddable":true,"href":"https:\/\/colimdo.org\/wp-api\/wp\/v2\/categories?post=54079"},{"taxonomy":"post_tag","embeddable":true,"href":"https:\/\/colimdo.org\/wp-api\/wp\/v2\/tags?post=54079"}],"curies":[{"name":"wp","href":"https:\/\/api.w.org\/{rel}","templated":true}]}}