{"id":54080,"date":"2019-05-23T17:38:23","date_gmt":"2019-05-23T17:38:23","guid":{"rendered":"https:\/\/colimdo.org\/?p=54080"},"modified":"2019-05-23T17:38:23","modified_gmt":"2019-05-23T17:38:23","slug":"patron-del-boxeo-tokio-2020-promete-defender-intereses-los-deportistas","status":"publish","type":"post","link":"https:\/\/colimdo.org\/noticias\/patron-del-boxeo-tokio-2020-promete-defender-intereses-los-deportistas\/","title":{"rendered":"Patr\u00f3n del boxeo de Tokio-2020 promete defender intereses de los deportistas"},"content":{"rendered":"<p>El japon\u00e9s Morinari Watanabe, que tendr\u00e1 el cargo de organizar las competiciones de boxeo en los Juegos de Tokio 2020, confi\u00f3 este jueves que no estaba \u201cpara nada preparado\u201d para su nominaci\u00f3n, pero prometi\u00f3 de todas maneras defender ante todo los intereses de los deportistas.<\/p>\n<p>El COI llam\u00f3 el mi\u00e9rcoles a quien fue elegido en octubre de 2016 presidente de la Federaci\u00f3n Internacional de Gimnasia (FIG) para dirigir a un grupo de trabajo especial, tras haber sido privada de sus derechos, debido a acusaciones de mala conducta, la Asociaci\u00f3n Internacional de Boxeo Amateur (AIBA), el \u00f3rgano director de este deporte, presente en los Juegos desde 1904.<\/p>\n<p>De 60 a\u00f1os, Watanabe, tambi\u00e9n miembro del COI y del Comit\u00e9 Ejecutivo de los Juegos de 2020, declar\u00f3 a los periodistas en una rueda de prensa improvisada en Tokio que hab\u00eda quedado sorprendido por su elecci\u00f3n.<\/p>\n<p>Recibi\u00f3 el martes una llamada del presidente del COI, el alem\u00e1n Thomas Bach, que le pidi\u00f3 convertirse \u201cen presidente del grupo de trabajo\u201d.<\/p>\n<p>\u201cEs algo para lo que no estaba en absoluto preparado\u201d, a\u00f1adi\u00f3.<\/p>\n<p>\u201cEstaba feliz. Era consciente de los desaf\u00edos y de los problemas y sab\u00eda que hab\u00eda deportistas que sufr\u00edan y que sufren. Es la obligaci\u00f3n de un miembro del COI ir a apoyarlos\u201d, explic\u00f3 Watanabe, que deber\u00e1 r\u00e1pidamente empezar a organizar los torneos de clasificaci\u00f3n a los Juegos, previstos a priori entre enero y mayo de 2020.<\/p>\n<p>\u201cEscuchar la voz de los atletas es verdaderamente importante&#8230; Quiero comprender sus preocupaciones\u201d, asegur\u00f3, cuando varias decisiones de los jueces durante los Juegos Ol\u00edmpicos de los treinta \u00faltimos a\u00f1os se vieron manchados por sospechas de corrupci\u00f3n.<\/p>\n<p>El boxeo estar\u00e1 presente en los Juegos de Tokio, pero el torneo no ser\u00e1 por tanto supervisado por la AIBA. As\u00ed lo decidi\u00f3 el mi\u00e9rcoles el COI debido a los graves problemas de gobernaci\u00f3n que sacuden a la asociaci\u00f3n.<\/p>\n<p>Esta decisi\u00f3n debe todav\u00eda ser formalmente respaldada por la sesi\u00f3n del COI, que se reunir\u00e1 en junio en Lausana, pero su adopci\u00f3n solo deber\u00eda ser una formalidad.<\/p>\n<p>La AIBA, creada en 1946 de las ruinas de la antigua Federaci\u00f3n Internacional de Boxeo (FIBA), ser\u00eda en este caso la primera federaci\u00f3n internacional en ser privada de la organizaci\u00f3n de su propio deporte en los Juegos Ol\u00edmpicos.<\/p>\n","protected":false},"excerpt":{"rendered":"<p>El japon\u00e9s Morinari Watanabe, que tendr\u00e1 el cargo de organizar las competiciones de boxeo en los Juegos de Tokio 2020, confi\u00f3 este jueves que no estaba \u201cpara nada preparado\u201d para su nominaci\u00f3n, pero prometi\u00f3 de todas maneras defender ante todo los intereses de los deportistas. El COI llam\u00f3 el mi\u00e9rcoles a quien fue elegido en [&hellip;]<\/p>\n","protected":false},"author":9,"featured_media":54083,"comment_status":"closed","ping_status":"closed","sticky":false,"template":"","format":"standard","meta":[],"categories":[2,60],"tags":[],"acf":[],"_links":{"self":[{"href":"https:\/\/colimdo.org\/wp-api\/wp\/v2\/posts\/54080"}],"collection":[{"href":"https:\/\/colimdo.org\/wp-api\/wp\/v2\/posts"}],"about":[{"href":"https:\/\/colimdo.org\/wp-api\/wp\/v2\/types\/post"}],"author":[{"embeddable":true,"href":"https:\/\/colimdo.org\/wp-api\/wp\/v2\/users\/9"}],"replies":[{"embeddable":true,"href":"https:\/\/colimdo.org\/wp-api\/wp\/v2\/comments?post=54080"}],"version-history":[{"count":1,"href":"https:\/\/colimdo.org\/wp-api\/wp\/v2\/posts\/54080\/revisions"}],"predecessor-version":[{"id":54084,"href":"https:\/\/colimdo.org\/wp-api\/wp\/v2\/posts\/54080\/revisions\/54084"}],"wp:featuredmedia":[{"embeddable":true,"href":"https:\/\/colimdo.org\/wp-api\/wp\/v2\/media\/54083"}],"wp:attachment":[{"href":"https:\/\/colimdo.org\/wp-api\/wp\/v2\/media?parent=54080"}],"wp:term":[{"taxonomy":"category","embeddable":true,"href":"https:\/\/colimdo.org\/wp-api\/wp\/v2\/categories?post=54080"},{"taxonomy":"post_tag","embeddable":true,"href":"https:\/\/colimdo.org\/wp-api\/wp\/v2\/tags?post=54080"}],"curies":[{"name":"wp","href":"https:\/\/api.w.org\/{rel}","templated":true}]}}