{"id":54092,"date":"2019-05-23T22:07:49","date_gmt":"2019-05-23T22:07:49","guid":{"rendered":"https:\/\/colimdo.org\/?p=54092"},"modified":"2019-05-23T22:07:49","modified_gmt":"2019-05-23T22:07:49","slug":"campeona-olimpica-ruta-meilutyte-deja-la-natacion-los-22-anos-tras-una-depresion","status":"publish","type":"post","link":"https:\/\/colimdo.org\/noticias\/campeona-olimpica-ruta-meilutyte-deja-la-natacion-los-22-anos-tras-una-depresion\/","title":{"rendered":"Campeona ol\u00edmpica Ruta Meilutyte deja la nataci\u00f3n a los 22 a\u00f1os tras una depresi\u00f3n"},"content":{"rendered":"<p>EFE. La irrupci\u00f3n de Ruta Meilutyte en la nataci\u00f3n de primer nivel fue fulgurante. Considerada una de las estrellas m\u00e1s precoces de la piscina mundial, el oro que gan\u00f3 con s\u00f3lo 15 a\u00f1os en los Juegos Ol\u00edmpicos de Londres 2012 en la final de los 100 metros braza la hizo entrar en la historia.<\/p>\n<p>El t\u00edtulo en el Mundial del a\u00f1o siguiente en los 100 y en los 50 metros braza en el Palau Sant Jordi de Barcelona al a\u00f1o siguiente la acabaron de consagrar. Sin embargo, poco a poco su fulgor se ha ido apagando hasta el punto de que, cuando a\u00fan es apenas una reci\u00e9n llegada a la veintena, ha decidido dejar el deporte de primer nivel.<\/p>\n<p>En un comunicado, la federaci\u00f3n lituana de nataci\u00f3n anuncia la noticia, toda vez que agradece las 20 medallas de oro en diferentes competiciones internacionales que ha dado a la piscina de su pa\u00eds. &#8220;Gracias a la nataci\u00f3n experiment\u00e9 una vida en la que nunca hab\u00eda pensado.<\/p>\n<p>Tuve la oportunidad de ver una gran parte del mundo, conocer y trabajar con personas maravillosas. Esta es una experiencia especial y ahora quiero usar esa experiencia y las habilidades adquiridas en una nueva distancia, esta vez fuera de la piscina. Estoy lista para comenzar una nueva fase en la vida&#8221;, afirma Meilutyte. Esa nueva vida la llevar\u00e1 a recuperar sus estudios, que tuvo que aplazar por centrarse en la nataci\u00f3n. O esa es la versi\u00f3n oficial. Hay mucho detr\u00e1s de esta retirada.<\/p>\n<p>La bracista lleva unos a\u00f1os arrastrando serios problemas de \u00e1nimo, hasta el punto de confesar que sufr\u00eda depresi\u00f3n. Su \u00faltima competici\u00f3n fue el Mundial de China de 2018, donde no se clasific\u00f3 para ninguna final. Dos a\u00f1os antes, en los Juegos Ol\u00edmpicos de R\u00edo, s\u00f3lo pudo ser s\u00e9ptima en su distancia, los 100 metros braza.<\/p>\n<p>Rumores de una vida disoluta en Gran Breta\u00f1a y su traslado a California posterior no ayudaron a que recuperase su competitividad. Desde hace a\u00f1os se empez\u00f3 a descuidar, y sus t\u00e9cnicos empezaron a preocuparse por su falta de forma f\u00edsica para encarar las competiciones.<\/p>\n<p>A\u00fan pudo rascar alguna medalla m\u00e1s, como las platas en piscina corta en los 50 metros braza en los Europeos de Glasgow y los Mundiales, en noviembre de 2018. Desde entonces, no volvi\u00f3 a entrenarse. Ausentarse en varios controles antidopaje la pusieron en el ojo del hurac\u00e1n, ya que a un a\u00f1o de Tokio 2020 a\u00fan hab\u00eda esperanzas en ella.<\/p>\n<p>La noticia de su retirada llega en un momento turbio, y no faltan los rumores de que es un anuncio pactado para evitar un esc\u00e1ndalo.<\/p>\n","protected":false},"excerpt":{"rendered":"<p>La nadadora lituana hizo historia al ganar la medalla de oro en los 100 metros braza de Londres 2012 con s\u00f3lo 15 a\u00f1os.<\/p>\n","protected":false},"author":16,"featured_media":54093,"comment_status":"closed","ping_status":"closed","sticky":false,"template":"","format":"standard","meta":[],"categories":[2,60],"tags":[],"acf":[],"_links":{"self":[{"href":"https:\/\/colimdo.org\/wp-api\/wp\/v2\/posts\/54092"}],"collection":[{"href":"https:\/\/colimdo.org\/wp-api\/wp\/v2\/posts"}],"about":[{"href":"https:\/\/colimdo.org\/wp-api\/wp\/v2\/types\/post"}],"author":[{"embeddable":true,"href":"https:\/\/colimdo.org\/wp-api\/wp\/v2\/users\/16"}],"replies":[{"embeddable":true,"href":"https:\/\/colimdo.org\/wp-api\/wp\/v2\/comments?post=54092"}],"version-history":[{"count":1,"href":"https:\/\/colimdo.org\/wp-api\/wp\/v2\/posts\/54092\/revisions"}],"predecessor-version":[{"id":54094,"href":"https:\/\/colimdo.org\/wp-api\/wp\/v2\/posts\/54092\/revisions\/54094"}],"wp:featuredmedia":[{"embeddable":true,"href":"https:\/\/colimdo.org\/wp-api\/wp\/v2\/media\/54093"}],"wp:attachment":[{"href":"https:\/\/colimdo.org\/wp-api\/wp\/v2\/media?parent=54092"}],"wp:term":[{"taxonomy":"category","embeddable":true,"href":"https:\/\/colimdo.org\/wp-api\/wp\/v2\/categories?post=54092"},{"taxonomy":"post_tag","embeddable":true,"href":"https:\/\/colimdo.org\/wp-api\/wp\/v2\/tags?post=54092"}],"curies":[{"name":"wp","href":"https:\/\/api.w.org\/{rel}","templated":true}]}}