{"id":54099,"date":"2019-05-23T22:18:22","date_gmt":"2019-05-23T22:18:22","guid":{"rendered":"https:\/\/colimdo.org\/?p=54099"},"modified":"2019-05-23T22:18:22","modified_gmt":"2019-05-23T22:18:22","slug":"nadal-roland-garros-ano-pienso-sera-ultimo-titulo","status":"publish","type":"post","link":"https:\/\/colimdo.org\/noticias\/nadal-roland-garros-ano-pienso-sera-ultimo-titulo\/","title":{"rendered":"Nadal sobre Roland Garros: &#8220;Cada a\u00f1o pienso que ser\u00e1 mi \u00faltimo t\u00edtulo&#8221;"},"content":{"rendered":"<p class=\"canvas-atom canvas-text Mb(1.0em) Mb(0)--sm Mt(0.8em)--sm\">Par\u00eds, 23 may (EFE).- A pocos d\u00edas de lanzarse a la conquista de su duod\u00e9cimo trofeo del Roland Garros, Rafa Nadal asegura que al final de cada triunfo cree que &#8220;ser\u00e1 el \u00faltimo&#8221;, aunque siempre mantiene la esperanza de &#8220;tener oportunidades&#8221; de ganar.<\/p>\n<p class=\"canvas-atom canvas-text Mb(1.0em) Mb(0)--sm Mt(0.8em)--sm\">&#8220;Cada lunes despu\u00e9s de la final, sin excepci\u00f3n, me digo que podr\u00eda ser mi \u00faltimo t\u00edtulo. Lo creo as\u00ed desde 2005 (a\u00f1o de su primer triunfo). Simplemente, siempre tengo la esperanza o la confianza de decirme que tengo oportunidades&#8221;, dijo el tenista en una entrevista al diario franc\u00e9s &#8220;Le Parisien&#8221;.<\/p>\n<p class=\"canvas-atom canvas-text Mb(1.0em) Mb(0)--sm Mt(0.8em)--sm\">El mallorqu\u00edn rememora en sus p\u00e1ginas sus mejores momentos, sobre todo su d\u00e9cimo triunfo en 2017, y su primera victoria en final contra Roger Federer, en 2006; y los peores, entre los que destaca la derrota ante el sueco Robin S\u00f6derling en 2009.<\/p>\n<p class=\"canvas-atom canvas-text Mb(1.0em) Mb(0)--sm Mt(0.8em)--sm\">&#8220;S\u00f6derling fue duro, bastante feo, pero lo cierto es que pasaba por un per\u00edodo complicado. Ten\u00eda muchos problemas en la rodilla y pasaba por cuestiones familiares&#8221;, dijo en referencia al divorcio de sus padres, aunque reconoci\u00f3 que los peores momentos fueron aquellos en los que no pudo jugar, como cuando tuvo que abandonar en 2016, cuando se sent\u00eda &#8220;preparado para ganar&#8221;.<\/p>\n<p class=\"canvas-atom canvas-text Mb(1.0em) Mb(0)--sm Mt(0.8em)--sm\">Nadal habl\u00f3 tambi\u00e9n sobre su relaci\u00f3n con el p\u00fablico parisino, que ha mejorado en los \u00faltimos a\u00f1os tras haber pasado por momentos \u00e1speros.<\/p>\n<p class=\"canvas-atom canvas-text Mb(1.0em) Mb(0)--sm Mt(0.8em)--sm\">&#8220;En el lugar que quiz\u00e1s m\u00e1s quiero del mundo me hizo da\u00f1o ver que la gente no es que quisiera que no ganase, es que quer\u00edan que perdiera. No sentir ese cari\u00f1o fue muy duro&#8221;, confes\u00f3.<\/p>\n<p class=\"canvas-atom canvas-text Mb(1.0em) Mb(0)--sm Mt(0.8em)--sm\">En cambio, asegura que en los \u00faltimos a\u00f1os la relaci\u00f3n ha pasado a ser &#8220;fant\u00e1stica&#8221; y que le han hecho vivir momentos &#8220;incre\u00edbles&#8221;, como cuando se llev\u00f3 la d\u00e9cima.<\/p>\n<p class=\"canvas-atom canvas-text Mb(1.0em) Mb(0)--sm Mt(0.8em)--sm\">En lo personal, indic\u00f3 que solo cambiar\u00eda sus once trofeos del Roland Garros por &#8220;la posibilidad de no morir&#8221;. &#8220;Yo y la gente que quiero&#8221;, dijo Nadal, a quien a veces le gustar\u00eda cambiarse por &#8220;una persona normal, desconocida, que fuera todos los d\u00edas al trabajo como todo el mundo&#8221;.<\/p>\n","protected":false},"excerpt":{"rendered":"<p>El mallorqu\u00edn rememora en sus p\u00e1ginas sus mejores momentos, sobre todo su d\u00e9cimo triunfo en 2017, y su primera victoria en final contra Roger Federer, en 2006; y los peores, entre los que destaca la derrota ante el sueco Robin S\u00f6derling en 2009.<\/p>\n","protected":false},"author":16,"featured_media":54100,"comment_status":"closed","ping_status":"closed","sticky":false,"template":"","format":"standard","meta":[],"categories":[2,60],"tags":[],"acf":[],"_links":{"self":[{"href":"https:\/\/colimdo.org\/wp-api\/wp\/v2\/posts\/54099"}],"collection":[{"href":"https:\/\/colimdo.org\/wp-api\/wp\/v2\/posts"}],"about":[{"href":"https:\/\/colimdo.org\/wp-api\/wp\/v2\/types\/post"}],"author":[{"embeddable":true,"href":"https:\/\/colimdo.org\/wp-api\/wp\/v2\/users\/16"}],"replies":[{"embeddable":true,"href":"https:\/\/colimdo.org\/wp-api\/wp\/v2\/comments?post=54099"}],"version-history":[{"count":1,"href":"https:\/\/colimdo.org\/wp-api\/wp\/v2\/posts\/54099\/revisions"}],"predecessor-version":[{"id":54101,"href":"https:\/\/colimdo.org\/wp-api\/wp\/v2\/posts\/54099\/revisions\/54101"}],"wp:featuredmedia":[{"embeddable":true,"href":"https:\/\/colimdo.org\/wp-api\/wp\/v2\/media\/54100"}],"wp:attachment":[{"href":"https:\/\/colimdo.org\/wp-api\/wp\/v2\/media?parent=54099"}],"wp:term":[{"taxonomy":"category","embeddable":true,"href":"https:\/\/colimdo.org\/wp-api\/wp\/v2\/categories?post=54099"},{"taxonomy":"post_tag","embeddable":true,"href":"https:\/\/colimdo.org\/wp-api\/wp\/v2\/tags?post=54099"}],"curies":[{"name":"wp","href":"https:\/\/api.w.org\/{rel}","templated":true}]}}