{"id":54108,"date":"2019-05-23T22:37:43","date_gmt":"2019-05-23T22:37:43","guid":{"rendered":"https:\/\/colimdo.org\/?p=54108"},"modified":"2019-05-23T22:39:28","modified_gmt":"2019-05-23T22:39:28","slug":"seleccion-nacional-sub-16-lista-pre-mundial-masculino-fiba","status":"publish","type":"post","link":"https:\/\/colimdo.org\/noticias\/seleccion-nacional-sub-16-lista-pre-mundial-masculino-fiba\/","title":{"rendered":"Selecci\u00f3n Nacional Sub-16 lista para el Pre-Mundial masculino de FIBA"},"content":{"rendered":"<p>Santo Domingo (SALTO AL CENTRO) \u2013 La Federaci\u00f3n Dominicana de Baloncesto (FEDOMBAL) y el dirigente Jonathan Matos, definieron el equipo nacional para el Pre-Mundial Sub-16 masculino, que participar\u00e1 del 3 al 9 de junio en la ciudad de Bel\u00e9m, Brasil, evento que otorga cuatro cupos al Mundial Sub-17 del 2020.<\/p>\n<p>El equipo nacional ser\u00e1 dirigido por el mocano Jonathan Matos, el mismo t\u00e9cnico que estuvo al frente en el pasado Centrobasket U15 del 2018, torneo que el conjunto quisqueyano gan\u00f3 por primera vez y de manera invicta.<\/p>\n<p>Matos estar\u00e1 acompa\u00f1ado por Jos\u00e9 \u201cMa\u00edta\u201d Mercedes, Adonis Pascal y Carlos Mont\u00e1s, el mismo cuerpo t\u00e9cnico que estuvo en el pasado torneo centroamericano Sub-15.<\/p>\n<p>Entre los 12 jugadores, hay tres debutantes en el equipo nacional: Nomar Tejada del Distrito Nacional, Luis Pe\u00f1a de la provincia La Altagracia y Giancarlo Farias residente en Nueva York.<\/p>\n<p>El resto de la selecci\u00f3n es el mismo que estuvo en el pasado Centrobasket U15 de M\u00e9xico: Jean Montero, Huascar Cuevas, Silvano Grull\u00f3n, Breylin Garc\u00eda, Edixon G\u00f3mez, Yuhanser Ynfante, \u00c1ngel Pimentel Mont\u00e1s, \u00c1lex Ventura y Handerson Silverio.<\/p>\n<p>La Rep\u00fablica Dominicana est\u00e1 en el Grupo A junto a M\u00e9xico, Argentina y Estados Unidos. En la fase de grupos chocar\u00e1 en ese mismo orden contra cada una de las selecciones anteriores, los d\u00edas 3, 4 y 5 de junio, pautados para iniciar a las 2:45pm, 5:15pm y 12:30pm, hora dominicana, respectivamente.<\/p>\n<p>Ser\u00e1 la tercera vez que el combinado nacional estar\u00e1 presente en dicho torneo, quedando cuarto lugar en el 2015 y quinto puesto en el 2017.<\/p>\n<p>El equipo tiene pautado viajar hacia la naci\u00f3n sudamericana el pr\u00f3ximo martes 28 del presente mes.<\/p>\n<p>El Pre-Mundial Sub-16 otorgar\u00e1 cuatro cupos al Mundial Sub-17 del a\u00f1o pr\u00f3ximo.<\/p>\n","protected":false},"excerpt":{"rendered":"<p>El mocano Jonathan Matos ser\u00e1 el dirigente del equipo dominicano que jugar\u00e1 en su tercer Pre-Mundial Sub-16 que se efectuar\u00e1 en Belem, Brasil en el mes de Junio.<\/p>\n","protected":false},"author":16,"featured_media":54110,"comment_status":"closed","ping_status":"closed","sticky":false,"template":"","format":"standard","meta":[],"categories":[2,60],"tags":[],"acf":[],"_links":{"self":[{"href":"https:\/\/colimdo.org\/wp-api\/wp\/v2\/posts\/54108"}],"collection":[{"href":"https:\/\/colimdo.org\/wp-api\/wp\/v2\/posts"}],"about":[{"href":"https:\/\/colimdo.org\/wp-api\/wp\/v2\/types\/post"}],"author":[{"embeddable":true,"href":"https:\/\/colimdo.org\/wp-api\/wp\/v2\/users\/16"}],"replies":[{"embeddable":true,"href":"https:\/\/colimdo.org\/wp-api\/wp\/v2\/comments?post=54108"}],"version-history":[{"count":1,"href":"https:\/\/colimdo.org\/wp-api\/wp\/v2\/posts\/54108\/revisions"}],"predecessor-version":[{"id":54109,"href":"https:\/\/colimdo.org\/wp-api\/wp\/v2\/posts\/54108\/revisions\/54109"}],"wp:featuredmedia":[{"embeddable":true,"href":"https:\/\/colimdo.org\/wp-api\/wp\/v2\/media\/54110"}],"wp:attachment":[{"href":"https:\/\/colimdo.org\/wp-api\/wp\/v2\/media?parent=54108"}],"wp:term":[{"taxonomy":"category","embeddable":true,"href":"https:\/\/colimdo.org\/wp-api\/wp\/v2\/categories?post=54108"},{"taxonomy":"post_tag","embeddable":true,"href":"https:\/\/colimdo.org\/wp-api\/wp\/v2\/tags?post=54108"}],"curies":[{"name":"wp","href":"https:\/\/api.w.org\/{rel}","templated":true}]}}