{"id":54111,"date":"2019-05-23T23:40:43","date_gmt":"2019-05-23T23:40:43","guid":{"rendered":"https:\/\/colimdo.org\/?p=54111"},"modified":"2019-05-23T23:40:43","modified_gmt":"2019-05-23T23:40:43","slug":"fina-corea-del-sur-apelan-corea-del-norte-compita-mundial-natacion","status":"publish","type":"post","link":"https:\/\/colimdo.org\/noticias\/fina-corea-del-sur-apelan-corea-del-norte-compita-mundial-natacion\/","title":{"rendered":"FINA y Corea del Sur apelan a que Corea del Norte compita en Mundial de nataci\u00f3n"},"content":{"rendered":"<p class=\"canvas-atom canvas-text Mb(1.0em) Mb(0)--sm Mt(0.8em)--sm\">23 mayo (Reuters) &#8211; La FINA y los organizadores del Mundial de Nataci\u00f3n de julio en Gwangju, Corea del Sur, han pedido a Corea del Norte que participe de la competencia para promover la paz en la pen\u00ednsula.<\/p>\n<p class=\"canvas-atom canvas-text Mb(1.0em) Mb(0)--sm Mt(0.8em)--sm\">La participaci\u00f3n de Corea del Norte qued\u00f3 en duda tras un aumento de las tensiones con su vecino este mes como consecuencia de sus pruebas de cohetes y al menos un misil de corto alcance.<\/p>\n<p class=\"canvas-atom canvas-text Mb(1.0em) Mb(0)--sm Mt(0.8em)--sm\">&#8220;Como presidente del comit\u00e9 organizador, me gustar\u00eda expresar la esperanza de 1,5 millones de ciudadanos de Gwangju&#8221;, dijo a periodistas el alcalde de la ciudad, Lee Yong-sup. &#8220;Esperan sinceramente la participaci\u00f3n de Corea del Norte (&#8230;) La presencia de Corea del Norte es crucial para el \u00e9xito de este evento&#8221;.<\/p>\n<p class=\"canvas-atom canvas-text Mb(1.0em) Mb(0)--sm Mt(0.8em)--sm\">&#8220;Quisi\u00e9ramos enfatizar este mensaje al mundo. En febrero, los ministros de los dos pa\u00edses se reunieron con el COI (Comit\u00e9 Ol\u00edmpico Internacional) en Lausanna y este tema fue discutido, pero hasta el momento no tenemos respuesta del lado norcoreano&#8221;, agreg\u00f3.<\/p>\n<p class=\"canvas-atom canvas-text Mb(1.0em) Mb(0)--sm Mt(0.8em)--sm\">El director ejecutivo de la FINA, Cornel Marculescu, dijo que las partes estaban en contacto con la esperanza de asegurar la presencia de Corea del Norte. La fecha l\u00edmite de inscripci\u00f3n es el 12 de junio. &#8220;Este es un proceso continuo, y confiamos en que m\u00e1s de 190 naciones estar\u00e1n presentes en Gwangju&#8221;, se\u00f1al\u00f3.<\/p>\n<p class=\"canvas-atom canvas-text Mb(1.0em) Mb(0)--sm Mt(0.8em)--sm\">La diplomacia deportiva ha ayudado a acercar a los pa\u00edses desde principios de 2018, cuando presentaron un equipo unificado de hockey sobre hielo femenino en los Juegos Ol\u00edmpicos de Invierno en Pyeongchang, Corea del Sur, y marcharon bajo una bandera unificada.<\/p>\n<p class=\"canvas-atom canvas-text Mb(1.0em) Mb(0)--sm Mt(0.8em)--sm\">Los dos pa\u00edses acordaron presentar equipos conjuntos en varios deportes en febrero y tambi\u00e9n han expresado su inter\u00e9s en organizar conjuntamente el Mundial de f\u00fatbol femenino en 2023.<\/p>\n<p class=\"canvas-atom canvas-text Mb(1.0em) Mb(0)--sm Mt(0.8em)--sm\">Sin embargo, el lanzamiento de cohetes fren\u00f3 las conversaciones.<\/p>\n","protected":false},"excerpt":{"rendered":"<p>La participaci\u00f3n de Corea del Norte qued\u00f3 en duda tras un aumento de las tensiones con su vecino este mes como consecuencia de sus pruebas de cohetes y al menos un misil de corto alcance.<\/p>\n","protected":false},"author":16,"featured_media":54113,"comment_status":"closed","ping_status":"closed","sticky":false,"template":"","format":"standard","meta":[],"categories":[2,60],"tags":[],"acf":[],"_links":{"self":[{"href":"https:\/\/colimdo.org\/wp-api\/wp\/v2\/posts\/54111"}],"collection":[{"href":"https:\/\/colimdo.org\/wp-api\/wp\/v2\/posts"}],"about":[{"href":"https:\/\/colimdo.org\/wp-api\/wp\/v2\/types\/post"}],"author":[{"embeddable":true,"href":"https:\/\/colimdo.org\/wp-api\/wp\/v2\/users\/16"}],"replies":[{"embeddable":true,"href":"https:\/\/colimdo.org\/wp-api\/wp\/v2\/comments?post=54111"}],"version-history":[{"count":1,"href":"https:\/\/colimdo.org\/wp-api\/wp\/v2\/posts\/54111\/revisions"}],"predecessor-version":[{"id":54114,"href":"https:\/\/colimdo.org\/wp-api\/wp\/v2\/posts\/54111\/revisions\/54114"}],"wp:featuredmedia":[{"embeddable":true,"href":"https:\/\/colimdo.org\/wp-api\/wp\/v2\/media\/54113"}],"wp:attachment":[{"href":"https:\/\/colimdo.org\/wp-api\/wp\/v2\/media?parent=54111"}],"wp:term":[{"taxonomy":"category","embeddable":true,"href":"https:\/\/colimdo.org\/wp-api\/wp\/v2\/categories?post=54111"},{"taxonomy":"post_tag","embeddable":true,"href":"https:\/\/colimdo.org\/wp-api\/wp\/v2\/tags?post=54111"}],"curies":[{"name":"wp","href":"https:\/\/api.w.org\/{rel}","templated":true}]}}